{"id":351,"date":"2021-12-01T18:49:55","date_gmt":"2021-12-01T21:49:55","guid":{"rendered":"https:\/\/blogs.correiobraziliense.com.br\/eixocapital\/?p=351"},"modified":"2021-12-01T18:49:55","modified_gmt":"2021-12-01T21:49:55","slug":"mp-recomenda-a-neoenergia-instalacao-de-mais-postos-de-atendimento-presencial","status":"publish","type":"post","link":"https:\/\/blogs.correiobraziliense.com.br\/eixocapital\/2021\/12\/01\/mp-recomenda-a-neoenergia-instalacao-de-mais-postos-de-atendimento-presencial\/","title":{"rendered":"MP recomenda \u00e0 Neoenergia instala\u00e7\u00e3o de mais postos de atendimento presencial"},"content":{"rendered":"<p>Em decorr\u00eancia das recorrentes reclama\u00e7\u00f5es de falta de energia, a Procuradoria Distrital dos Direitos do Cidad\u00e3o (PDDC) recomendou \u00e0 Neonergia que instale novos postos de atendimento presencial no Distrito Federal.<\/p>\n<p>&nbsp;<\/p>\n<p>O objetivo \u00e9 aprimorar o acesso aos servi\u00e7os e informa\u00e7\u00f5es a que a popula\u00e7\u00e3o tem direito. A Neoenergia disponibiliza atualmente nove locais de atendimento f\u00edsico aos consumidores, todos em unidades do Na Hora.<\/p>\n<p>&nbsp;<\/p>\n<p>A concession\u00e1ria tem 45 dias para elaborar um plano de instala\u00e7\u00e3o.\u00a0A Resolu\u00e7\u00e3o Normativa Aneel n\u00ba 414\/2010 determina que as concession\u00e1rias de distribui\u00e7\u00e3o de energia el\u00e9trica devem manter estrutura de atendimento adequada \u00e0s necessidades de seu mercado e acess\u00edvel a todos os consumidores.<\/p>\n<p>&nbsp;<\/p>\n<p>Segundo o Minist\u00e9rio P\u00fablico do DF, a empresa tamb\u00e9m\u00a0deve oferecer atendimento presencial nas localidades em que presta servi\u00e7o.<\/p>\n<p>&nbsp;<\/p>\n<p>O procurador distrital dos direitos do cidad\u00e3o, Eduardo Sabo, explica que existem decis\u00f5es reiteradas dos tribunais superiores reconhecendo que a oferta de canais digitais por concession\u00e1rias de servi\u00e7os p\u00fablicos n\u00e3o \u00e9 suficiente para garantir atendimento digno aos consumidores.<\/p>\n<p>&nbsp;<\/p>\n<p>Sabo esclarece que, apesar dos canais digitais sejam positivos, existem usu\u00e1rios que enfrentam barreiras de conhecimento t\u00e9cnico ou de acesso a essas formas de comunica\u00e7\u00e3o.<\/p>\n<p>&nbsp;<\/p>\n<p>O Minist\u00e9rio P\u00fablico do DF e Territ\u00f3rios (MPDFT) tem acompanhado os problemas enfrentados pelos consumidores tendo em vista as recentes interrup\u00e7\u00f5es no fornecimento de energia e a consequente demora em restituir o servi\u00e7o.<\/p>\n<p>Para o procurador Eduardo Sabo, o n\u00famero de postos dispon\u00edveis atualmente \u00e9 insuficiente para atender as 33 regi\u00f5es administrativas no Distrito Federal. \u201cA concession\u00e1ria deve se adequar \u00e0s necessidades da popula\u00e7\u00e3o e prestar atendimento presencial a todo consumidor que assim desejar\u201d, afirmou.<\/p>\n","protected":false},"excerpt":{"rendered":"<p>Em decorr\u00eancia das recorrentes reclama\u00e7\u00f5es de falta de energia, a Procuradoria Distrital dos Direitos do Cidad\u00e3o (PDDC) recomendou \u00e0 Neonergia que instale novos postos de atendimento presencial no Distrito Federal. &nbsp; O objetivo \u00e9 aprimorar o acesso aos servi\u00e7os e informa\u00e7\u00f5es a que a popula\u00e7\u00e3o tem direito. A Neoenergia disponibiliza atualmente nove locais de atendimento f\u00edsico aos consumidores, todos em [&hellip;]<\/p>\n","protected":false},"author":9,"featured_media":352,"comment_status":"open","ping_status":"open","sticky":false,"template":"","format":"standard","meta":{"footnotes":""},"categories":[1],"tags":[166,167,168,165],"class_list":["post-351","post","type-post","status-publish","format-standard","has-post-thumbnail","hentry","category-sem-categoria","tag-eduardo-sabo","tag-interrupcoes-de-energia","tag-luz","tag-neoenergia"],"_links":{"self":[{"href":"https:\/\/blogs.correiobraziliense.com.br\/eixocapital\/wp-json\/wp\/v2\/posts\/351","targetHints":{"allow":["GET"]}}],"collection":[{"href":"https:\/\/blogs.correiobraziliense.com.br\/eixocapital\/wp-json\/wp\/v2\/posts"}],"about":[{"href":"https:\/\/blogs.correiobraziliense.com.br\/eixocapital\/wp-json\/wp\/v2\/types\/post"}],"author":[{"embeddable":true,"href":"https:\/\/blogs.correiobraziliense.com.br\/eixocapital\/wp-json\/wp\/v2\/users\/9"}],"replies":[{"embeddable":true,"href":"https:\/\/blogs.correiobraziliense.com.br\/eixocapital\/wp-json\/wp\/v2\/comments?post=351"}],"version-history":[{"count":1,"href":"https:\/\/blogs.correiobraziliense.com.br\/eixocapital\/wp-json\/wp\/v2\/posts\/351\/revisions"}],"predecessor-version":[{"id":353,"href":"https:\/\/blogs.correiobraziliense.com.br\/eixocapital\/wp-json\/wp\/v2\/posts\/351\/revisions\/353"}],"wp:featuredmedia":[{"embeddable":true,"href":"https:\/\/blogs.correiobraziliense.com.br\/eixocapital\/wp-json\/wp\/v2\/media\/352"}],"wp:attachment":[{"href":"https:\/\/blogs.correiobraziliense.com.br\/eixocapital\/wp-json\/wp\/v2\/media?parent=351"}],"wp:term":[{"taxonomy":"category","embeddable":true,"href":"https:\/\/blogs.correiobraziliense.com.br\/eixocapital\/wp-json\/wp\/v2\/categories?post=351"},{"taxonomy":"post_tag","embeddable":true,"href":"https:\/\/blogs.correiobraziliense.com.br\/eixocapital\/wp-json\/wp\/v2\/tags?post=351"}],"curies":[{"name":"wp","href":"https:\/\/api.w.org\/{rel}","templated":true}]}}