{"id":35,"date":"2021-10-18T20:55:20","date_gmt":"2021-10-18T23:55:20","guid":{"rendered":"https:\/\/blogs.correiobraziliense.com.br\/eixocapital\/?p=35"},"modified":"2021-10-18T20:59:45","modified_gmt":"2021-10-18T23:59:45","slug":"cnmp-demite-procurador-que-integrava-forca-tarefa-da-lava-jato-de-curitiba","status":"publish","type":"post","link":"https:\/\/blogs.correiobraziliense.com.br\/eixocapital\/2021\/10\/18\/cnmp-demite-procurador-que-integrava-forca-tarefa-da-lava-jato-de-curitiba\/","title":{"rendered":"CNMP demite procurador que integrava for\u00e7a-tarefa da Lava-Jato de Curitiba"},"content":{"rendered":"<p style=\"text-align: left\">A onda volta. \u00c9 o que muitos integrantes do Minist\u00e9rio P\u00fablico devem estar pensando hoje. Por seis votos a cinco, o Conselho Nacional do Minist\u00e9rio P\u00fablico (CNMP) decidiu hoje (19) demitir o procurador\u00a0<span class=\"s1\"><strong>Diogo Castor de Mattos<\/strong>, que integrou a extinta\u00a0<\/span>for\u00e7a-tarefa da Opera\u00e7\u00e3o <strong>Lava-Jato<\/strong> em Curitiba.<\/p>\n<p>&nbsp;<\/p>\n<p>Motivo: <strong>Castor<\/strong> contratou, em mar\u00e7o de 2019, e afixou um outdoor em homenagem \u00e0 opera\u00e7\u00e3o e, portanto, praticou ato de improbidade administrativa, segundo entendimento da maioria do <strong>CNMP<\/strong>.<\/p>\n<p>&nbsp;<\/p>\n<p>O outdoor mostrava a imagem de nove procuradores liderados por <strong>Deltan Dallagnol<\/strong> com a frase:<strong> \u201cBem-vindo \u00e0 Rep\u00fablica de Curitiba. Terra da Opera\u00e7\u00e3o Lava Jato, a investiga\u00e7\u00e3o que mudou o pa\u00eds. Aqui a lei de cumpre. 17 de mar\u00e7o \u2014 5 anos de Opera\u00e7\u00e3o Lava Jato \u2014 o Brasil agradece\u201d<\/strong>.<\/p>\n<p>&nbsp;<\/p>\n<p>A maioria do plen\u00e1rio do CNMP acompanhou o voto da conselheira Fernanda Marinela de Sousa Santos, e votou pela demiss\u00e3o.<\/p>\n<p>&nbsp;<\/p>\n<p>Deputados petistas comemoram nas redes sociais. \u201c<strong>Urgente: Efeitos da PEC 5: O procurador da Lava Jato Diogo Castor de Matos, acaba de ser demitido do minist\u00e9rio p\u00fablico por ter financiado irregularmente a produ\u00e7\u00e3o de outdoor de propaganda da Lava Jato<\/strong>\u201d, postou o deputado Paulo Teixeira (PT-SP), que \u00e9 secret\u00e1rio-geral do partido.<\/p>\n<p>&nbsp;<\/p>\n","protected":false},"excerpt":{"rendered":"<p>A onda volta. \u00c9 o que muitos integrantes do Minist\u00e9rio P\u00fablico devem estar pensando hoje. Por seis votos a cinco, o Conselho Nacional do Minist\u00e9rio P\u00fablico (CNMP) decidiu hoje (19) demitir o procurador\u00a0Diogo Castor de Mattos, que integrou a extinta\u00a0for\u00e7a-tarefa da Opera\u00e7\u00e3o Lava-Jato em Curitiba. &nbsp; Motivo: Castor contratou, em mar\u00e7o de 2019, e afixou um outdoor em homenagem \u00e0 [&hellip;]<\/p>\n","protected":false},"author":9,"featured_media":37,"comment_status":"open","ping_status":"open","sticky":false,"template":"","format":"standard","meta":{"footnotes":""},"categories":[1],"tags":[10,12,14,13,11],"class_list":["post-35","post","type-post","status-publish","format-standard","has-post-thumbnail","hentry","category-sem-categoria","tag-cnmp","tag-demissao","tag-diogo-castor","tag-forca-tarefa","tag-lava-jato"],"_links":{"self":[{"href":"https:\/\/blogs.correiobraziliense.com.br\/eixocapital\/wp-json\/wp\/v2\/posts\/35","targetHints":{"allow":["GET"]}}],"collection":[{"href":"https:\/\/blogs.correiobraziliense.com.br\/eixocapital\/wp-json\/wp\/v2\/posts"}],"about":[{"href":"https:\/\/blogs.correiobraziliense.com.br\/eixocapital\/wp-json\/wp\/v2\/types\/post"}],"author":[{"embeddable":true,"href":"https:\/\/blogs.correiobraziliense.com.br\/eixocapital\/wp-json\/wp\/v2\/users\/9"}],"replies":[{"embeddable":true,"href":"https:\/\/blogs.correiobraziliense.com.br\/eixocapital\/wp-json\/wp\/v2\/comments?post=35"}],"version-history":[{"count":4,"href":"https:\/\/blogs.correiobraziliense.com.br\/eixocapital\/wp-json\/wp\/v2\/posts\/35\/revisions"}],"predecessor-version":[{"id":40,"href":"https:\/\/blogs.correiobraziliense.com.br\/eixocapital\/wp-json\/wp\/v2\/posts\/35\/revisions\/40"}],"wp:featuredmedia":[{"embeddable":true,"href":"https:\/\/blogs.correiobraziliense.com.br\/eixocapital\/wp-json\/wp\/v2\/media\/37"}],"wp:attachment":[{"href":"https:\/\/blogs.correiobraziliense.com.br\/eixocapital\/wp-json\/wp\/v2\/media?parent=35"}],"wp:term":[{"taxonomy":"category","embeddable":true,"href":"https:\/\/blogs.correiobraziliense.com.br\/eixocapital\/wp-json\/wp\/v2\/categories?post=35"},{"taxonomy":"post_tag","embeddable":true,"href":"https:\/\/blogs.correiobraziliense.com.br\/eixocapital\/wp-json\/wp\/v2\/tags?post=35"}],"curies":[{"name":"wp","href":"https:\/\/api.w.org\/{rel}","templated":true}]}}