{"id":32,"date":"2021-10-18T16:39:45","date_gmt":"2021-10-18T19:39:45","guid":{"rendered":"https:\/\/blogs.correiobraziliense.com.br\/eixocapital\/?p=32"},"modified":"2021-10-18T16:39:45","modified_gmt":"2021-10-18T19:39:45","slug":"tcdf-vai-julgar-as-contas-de-ibaneis-no-ano-da-pandemia","status":"publish","type":"post","link":"https:\/\/blogs.correiobraziliense.com.br\/eixocapital\/2021\/10\/18\/tcdf-vai-julgar-as-contas-de-ibaneis-no-ano-da-pandemia\/","title":{"rendered":"TCDF vai julgar as contas de Ibaneis no ano da pandemia"},"content":{"rendered":"<p style=\"text-align: left\">O <strong>Tribunal de Contas do Distrito Federal (TCDF)<\/strong> marcou para amanh\u00e3 (19) a an\u00e1lise das contas do governo <strong>Ibaneis<\/strong> de 2020, primeiro ano da pandemia.<\/p>\n<p>&nbsp;<\/p>\n<p>O relator ser\u00e1 o conselheiro <strong>In\u00e1cio Magalh\u00e3es Filho.<\/strong><\/p>\n<p>&nbsp;<\/p>\n<p>Por conta dos gastos especiais dedicados \u00e0 crise sanit\u00e1ria da <strong>covid-19,<\/strong> a an\u00e1lise t\u00e9cnica dos gastos p\u00fablicos ter\u00e1 um cap\u00edtulo especial sobre essas despesas.<\/p>\n<p>&nbsp;<\/p>\n<p>A sess\u00e3o ser\u00e1 transmitida ao vivo pelo site do <strong>Tribunal de Contas do DF<\/strong> (www.tc.df.gov.br).<\/p>\n","protected":false},"excerpt":{"rendered":"<p>O Tribunal de Contas do Distrito Federal (TCDF) marcou para amanh\u00e3 (19) a an\u00e1lise das contas do governo Ibaneis de 2020, primeiro ano da pandemia. &nbsp; O relator ser\u00e1 o conselheiro In\u00e1cio Magalh\u00e3es Filho. &nbsp; Por conta dos gastos especiais dedicados \u00e0 crise sanit\u00e1ria da covid-19, a an\u00e1lise t\u00e9cnica dos gastos p\u00fablicos ter\u00e1 um cap\u00edtulo especial sobre essas despesas. &nbsp; [&hellip;]<\/p>\n","protected":false},"author":9,"featured_media":33,"comment_status":"open","ping_status":"open","sticky":false,"template":"","format":"standard","meta":{"footnotes":""},"categories":[1],"tags":[8,7,5,6,9,2,4,3],"class_list":["post-32","post","type-post","status-publish","format-standard","has-post-thumbnail","hentry","category-sem-categoria","tag-8","tag-contas","tag-covid","tag-ibaneis","tag-inacio-magalhaes","tag-pandemia","tag-saude","tag-tcdf"],"_links":{"self":[{"href":"https:\/\/blogs.correiobraziliense.com.br\/eixocapital\/wp-json\/wp\/v2\/posts\/32","targetHints":{"allow":["GET"]}}],"collection":[{"href":"https:\/\/blogs.correiobraziliense.com.br\/eixocapital\/wp-json\/wp\/v2\/posts"}],"about":[{"href":"https:\/\/blogs.correiobraziliense.com.br\/eixocapital\/wp-json\/wp\/v2\/types\/post"}],"author":[{"embeddable":true,"href":"https:\/\/blogs.correiobraziliense.com.br\/eixocapital\/wp-json\/wp\/v2\/users\/9"}],"replies":[{"embeddable":true,"href":"https:\/\/blogs.correiobraziliense.com.br\/eixocapital\/wp-json\/wp\/v2\/comments?post=32"}],"version-history":[{"count":1,"href":"https:\/\/blogs.correiobraziliense.com.br\/eixocapital\/wp-json\/wp\/v2\/posts\/32\/revisions"}],"predecessor-version":[{"id":34,"href":"https:\/\/blogs.correiobraziliense.com.br\/eixocapital\/wp-json\/wp\/v2\/posts\/32\/revisions\/34"}],"wp:featuredmedia":[{"embeddable":true,"href":"https:\/\/blogs.correiobraziliense.com.br\/eixocapital\/wp-json\/wp\/v2\/media\/33"}],"wp:attachment":[{"href":"https:\/\/blogs.correiobraziliense.com.br\/eixocapital\/wp-json\/wp\/v2\/media?parent=32"}],"wp:term":[{"taxonomy":"category","embeddable":true,"href":"https:\/\/blogs.correiobraziliense.com.br\/eixocapital\/wp-json\/wp\/v2\/categories?post=32"},{"taxonomy":"post_tag","embeddable":true,"href":"https:\/\/blogs.correiobraziliense.com.br\/eixocapital\/wp-json\/wp\/v2\/tags?post=32"}],"curies":[{"name":"wp","href":"https:\/\/api.w.org\/{rel}","templated":true}]}}