{"id":288,"date":"2021-11-23T10:19:18","date_gmt":"2021-11-23T13:19:18","guid":{"rendered":"https:\/\/blogs.correiobraziliense.com.br\/eixocapital\/?p=288"},"modified":"2021-11-23T10:27:36","modified_gmt":"2021-11-23T13:27:36","slug":"thais-riedel-pede-anulacao-das-eleicoes-da-oab-df","status":"publish","type":"post","link":"https:\/\/blogs.correiobraziliense.com.br\/eixocapital\/2021\/11\/23\/thais-riedel-pede-anulacao-das-eleicoes-da-oab-df\/","title":{"rendered":"Tha\u00eds Riedel pede anula\u00e7\u00e3o das elei\u00e7\u00f5es da OAB-DF"},"content":{"rendered":"<p style=\"text-align: left\">A chapa liderada pela advogada Tha\u00eds Riedel, segunda colocada na elei\u00e7\u00e3o da OAB-DF, realizada domingo (21), protocolou pedido de anula\u00e7\u00e3o do pleito. Os argumentos s\u00e3o falta de transpar\u00eancia e de confiabilidade no sistema de vota\u00e7\u00e3o online.<\/p>\n<p>&nbsp;<\/p>\n<p>A impugna\u00e7\u00e3o foi protocolada ontem \u00e0 noite perante a comiss\u00e3o eleitoral da OAB-DF. E, segundo integrantes da campanha, se o pedido n\u00e3o for acatado, haver\u00e1 judicializa\u00e7\u00e3o das elei\u00e7\u00f5es. A chapa entrar\u00e1 com uma a\u00e7\u00e3o judicial.<\/p>\n<p>&nbsp;<\/p>\n<p class=\"p1\"><span class=\"s1\">A chapa da Tha\u00eds alega que n\u00e3o houve transpar\u00eancia, lisura e nem garantia de fidedignidade das informa\u00e7\u00f5es. \u201cO sistema n\u00e3o proporciona as garantias de integridade necess\u00e1rias para atestar que as informa\u00e7\u00f5es registradas em seu banco de dados n\u00e3o possam ser adulteradas, o que foi evidenciado pelas explica\u00e7\u00f5es que a pr\u00f3pria empresa fornecedora da solu\u00e7\u00e3o fez para os participantes do evento ocorrido na manh\u00e3\u201d.<\/span><\/p>\n<p>&nbsp;<\/p>\n<p>O presidente da OAB-DF, D\u00e9lio Lins e Silva J\u00fanior, foi reeleito com 45,60% dos votos. Tha\u00eds obteve 34%. Renata Amaral ficou com 10,89%. Em seguida, Evandro Pertence, com 5,43%, e Guilherme Campelo, com 4,09%.<\/p>\n<p>&nbsp;<\/p>\n<p>D\u00e9lio disse que Tha\u00eds deveria respeitar a vontade da advocacia. \u201cO sistema \u00e9 absolutamente seguro e a chapa dela comprovou isso. A Tha\u00eds deveria respeitar o resultado das elei\u00e7\u00f5es e a vontade da advocacia\u201d, afirmou o presidente reeleito.<\/p>\n<p class=\"p1\"><span class=\"s1\"><br \/>\n<strong>Dados alterados<\/strong><\/span><\/p>\n<p class=\"p1\"><span class=\"s1\"><br \/>\nNa pe\u00e7a apresentada \u00e0 comiss\u00e3o eleitoral da OAB-DF, a chapa da Tha\u00eds sustenta que houve altera\u00e7\u00e3o de dados ao longo do dia da elei\u00e7\u00e3o, que come\u00e7ou com 36.372 advogados habilitados a votar e encerrou com 36.378. \u201cA altera\u00e7\u00e3o na quantidade de pessoas habilitadas a votarem durante o dia da elei\u00e7\u00e3o, enquanto aberta e ocorrendo atrav\u00e9s do sistema online, indica que houve altera\u00e7\u00e3o na base de dados, j\u00e1 que os quadros mostram a altera\u00e7\u00e3o do banco de dados de eleitores\u201d, diz na impugna\u00e7\u00e3o.<\/span><\/p>\n<p>&nbsp;<\/p>\n<p>Outro ponto atacado: durante o processo de apura\u00e7\u00e3o, houve um apag\u00e3o no sistema de 30 minutos e, quando voltou, o resultado foi apresentado.<\/p>\n<p>O candidato Guilherme Campelo j\u00e1 havia questionado, por meio de a\u00e7\u00e3o judicial, a transpar\u00eancia e a falta de informa\u00e7\u00f5es sobre o sistema da OAB-DF. Ainda n\u00e3o houve decis\u00e3o.<\/p>\n<p>&nbsp;<\/p>\n","protected":false},"excerpt":{"rendered":"<p>A chapa liderada pela advogada Tha\u00eds Riedel, segunda colocada na elei\u00e7\u00e3o da OAB-DF, realizada domingo (21), protocolou pedido de anula\u00e7\u00e3o do pleito. Os argumentos s\u00e3o falta de transpar\u00eancia e de confiabilidade no sistema de vota\u00e7\u00e3o online. &nbsp; A impugna\u00e7\u00e3o foi protocolada ontem \u00e0 noite perante a comiss\u00e3o eleitoral da OAB-DF. E, segundo integrantes da campanha, se o pedido n\u00e3o for [&hellip;]<\/p>\n","protected":false},"author":9,"featured_media":289,"comment_status":"open","ping_status":"open","sticky":false,"template":"","format":"standard","meta":{"footnotes":""},"categories":[1],"tags":[81,132,133,66],"class_list":["post-288","post","type-post","status-publish","format-standard","has-post-thumbnail","hentry","category-sem-categoria","tag-delio-lins-e-silva-junior","tag-eleicao-oab-df","tag-impugnacao","tag-thais-riedel"],"_links":{"self":[{"href":"https:\/\/blogs.correiobraziliense.com.br\/eixocapital\/wp-json\/wp\/v2\/posts\/288","targetHints":{"allow":["GET"]}}],"collection":[{"href":"https:\/\/blogs.correiobraziliense.com.br\/eixocapital\/wp-json\/wp\/v2\/posts"}],"about":[{"href":"https:\/\/blogs.correiobraziliense.com.br\/eixocapital\/wp-json\/wp\/v2\/types\/post"}],"author":[{"embeddable":true,"href":"https:\/\/blogs.correiobraziliense.com.br\/eixocapital\/wp-json\/wp\/v2\/users\/9"}],"replies":[{"embeddable":true,"href":"https:\/\/blogs.correiobraziliense.com.br\/eixocapital\/wp-json\/wp\/v2\/comments?post=288"}],"version-history":[{"count":5,"href":"https:\/\/blogs.correiobraziliense.com.br\/eixocapital\/wp-json\/wp\/v2\/posts\/288\/revisions"}],"predecessor-version":[{"id":295,"href":"https:\/\/blogs.correiobraziliense.com.br\/eixocapital\/wp-json\/wp\/v2\/posts\/288\/revisions\/295"}],"wp:featuredmedia":[{"embeddable":true,"href":"https:\/\/blogs.correiobraziliense.com.br\/eixocapital\/wp-json\/wp\/v2\/media\/289"}],"wp:attachment":[{"href":"https:\/\/blogs.correiobraziliense.com.br\/eixocapital\/wp-json\/wp\/v2\/media?parent=288"}],"wp:term":[{"taxonomy":"category","embeddable":true,"href":"https:\/\/blogs.correiobraziliense.com.br\/eixocapital\/wp-json\/wp\/v2\/categories?post=288"},{"taxonomy":"post_tag","embeddable":true,"href":"https:\/\/blogs.correiobraziliense.com.br\/eixocapital\/wp-json\/wp\/v2\/tags?post=288"}],"curies":[{"name":"wp","href":"https:\/\/api.w.org\/{rel}","templated":true}]}}