{"id":270,"date":"2021-11-20T19:37:18","date_gmt":"2021-11-20T22:37:18","guid":{"rendered":"https:\/\/blogs.correiobraziliense.com.br\/eixocapital\/?p=270"},"modified":"2021-11-20T19:45:48","modified_gmt":"2021-11-20T22:45:48","slug":"todas-as-chapas-da-oab-df-vao-concorrer-sub-judice","status":"publish","type":"post","link":"https:\/\/blogs.correiobraziliense.com.br\/eixocapital\/2021\/11\/20\/todas-as-chapas-da-oab-df-vao-concorrer-sub-judice\/","title":{"rendered":"Todas as chapas da OAB-DF v\u00e3o concorrer sub judice"},"content":{"rendered":"<p>Por decis\u00e3o da comiss\u00e3o eleitoral da OAB-DF, todas as chapas em disputa concorrer\u00e3o \u00e0s elei\u00e7\u00f5es neste domingo (21\/11) sem registro, sub judice. Numa reviravolta a 12 horas do in\u00edcio da vota\u00e7\u00e3o, n\u00e3o h\u00e1 mais nenhuma chapa com registro \u00a0deferido.<\/p>\n<p>&nbsp;<\/p>\n<p>Os membros da comiss\u00e3o decidiram estender \u00e0s demais chapas a determina\u00e7\u00e3o do Conselho Federal da OAB que, em liminar, determinou a criteriosa avalia\u00e7\u00e3o de todos os candidatos inscritos na cota racial na chapa liderada pela advogada Tha\u00eds Riedel.<\/p>\n<p>&nbsp;<\/p>\n<p>\u201cEstamos atendendo a uma determina\u00e7\u00e3o de que seja considerada a avalia\u00e7\u00e3o dos candidatos como medida de ordem p\u00fablica\u201d, explica o presidente da comiss\u00e3o eleitoral, Jos\u00e9 Perdiz. \u201cPor isso, vamos avaliar um por um e todas as chapas est\u00e3o sub judice, inclusive das subse\u00e7\u00f5es\u201d.<\/p>\n<p>&nbsp;<\/p>\n<p>S\u00e3o cinco chapas com pedido de registro na disputa da OAB-DF, lideradas pelos advogados Tha\u00eds Riedel, D\u00e9lio Lins e Silva J\u00fanior, Renata Amaral, Evandro Pertence e Guilherme Campelo.<\/p>\n<p>&nbsp;<\/p>\n<p>Pelo edital das elei\u00e7\u00f5es, 30% das vagas na chapa devem ser reservadas a negros e pardos.<\/p>\n<p>&nbsp;<\/p>\n<p>&nbsp;<\/p>\n<p>&nbsp;<\/p>\n","protected":false},"excerpt":{"rendered":"<p>Por decis\u00e3o da comiss\u00e3o eleitoral da OAB-DF, todas as chapas em disputa concorrer\u00e3o \u00e0s elei\u00e7\u00f5es neste domingo (21\/11) sem registro, sub judice. Numa reviravolta a 12 horas do in\u00edcio da vota\u00e7\u00e3o, n\u00e3o h\u00e1 mais nenhuma chapa com registro \u00a0deferido. &nbsp; Os membros da comiss\u00e3o decidiram estender \u00e0s demais chapas a determina\u00e7\u00e3o do Conselho Federal da OAB que, em liminar, determinou [&hellip;]<\/p>\n","protected":false},"author":9,"featured_media":271,"comment_status":"open","ping_status":"open","sticky":false,"template":"","format":"standard","meta":{"footnotes":""},"categories":[1],"tags":[125,127,54],"class_list":["post-270","post","type-post","status-publish","format-standard","has-post-thumbnail","hentry","category-sem-categoria","tag-cotas-raciais","tag-eleicoes-2021","tag-oab-df"],"_links":{"self":[{"href":"https:\/\/blogs.correiobraziliense.com.br\/eixocapital\/wp-json\/wp\/v2\/posts\/270","targetHints":{"allow":["GET"]}}],"collection":[{"href":"https:\/\/blogs.correiobraziliense.com.br\/eixocapital\/wp-json\/wp\/v2\/posts"}],"about":[{"href":"https:\/\/blogs.correiobraziliense.com.br\/eixocapital\/wp-json\/wp\/v2\/types\/post"}],"author":[{"embeddable":true,"href":"https:\/\/blogs.correiobraziliense.com.br\/eixocapital\/wp-json\/wp\/v2\/users\/9"}],"replies":[{"embeddable":true,"href":"https:\/\/blogs.correiobraziliense.com.br\/eixocapital\/wp-json\/wp\/v2\/comments?post=270"}],"version-history":[{"count":2,"href":"https:\/\/blogs.correiobraziliense.com.br\/eixocapital\/wp-json\/wp\/v2\/posts\/270\/revisions"}],"predecessor-version":[{"id":273,"href":"https:\/\/blogs.correiobraziliense.com.br\/eixocapital\/wp-json\/wp\/v2\/posts\/270\/revisions\/273"}],"wp:featuredmedia":[{"embeddable":true,"href":"https:\/\/blogs.correiobraziliense.com.br\/eixocapital\/wp-json\/wp\/v2\/media\/271"}],"wp:attachment":[{"href":"https:\/\/blogs.correiobraziliense.com.br\/eixocapital\/wp-json\/wp\/v2\/media?parent=270"}],"wp:term":[{"taxonomy":"category","embeddable":true,"href":"https:\/\/blogs.correiobraziliense.com.br\/eixocapital\/wp-json\/wp\/v2\/categories?post=270"},{"taxonomy":"post_tag","embeddable":true,"href":"https:\/\/blogs.correiobraziliense.com.br\/eixocapital\/wp-json\/wp\/v2\/tags?post=270"}],"curies":[{"name":"wp","href":"https:\/\/api.w.org\/{rel}","templated":true}]}}