{"id":2550,"date":"2026-05-03T22:18:19","date_gmt":"2026-05-04T01:18:19","guid":{"rendered":"https:\/\/blogs.correiobraziliense.com.br\/eixocapital\/?p=2550"},"modified":"2026-05-03T22:18:19","modified_gmt":"2026-05-04T01:18:19","slug":"cada-mulher-que-ocupa-espaco-de-decisao-juridica-abre-caminho-a-outras-diz-nova-procuradora-geral-do-df","status":"publish","type":"post","link":"https:\/\/blogs.correiobraziliense.com.br\/eixocapital\/2026\/05\/03\/cada-mulher-que-ocupa-espaco-de-decisao-juridica-abre-caminho-a-outras-diz-nova-procuradora-geral-do-df\/","title":{"rendered":"&#8220;Cada mulher que ocupa espa\u00e7o de decis\u00e3o jur\u00eddica abre caminho a outras&#8221;, diz nova procuradora-geral do DF"},"content":{"rendered":"<p><strong>A senhora assume indicada pela governadora Celina Le\u00e3o. Qual a import\u00e2ncia da representatividade feminina em \u00f3rg\u00e3os jur\u00eddicos como a PGDF?<\/strong><\/p>\n<p>Importa muito. Cada mulher que ocupa um espa\u00e7o de decis\u00e3o jur\u00eddica abre caminho para outras e abre caminho tamb\u00e9m para que as pautas das mulheres deixem de ser tratadas como tema secund\u00e1rio e passem a ser tratadas como o que de fato s\u00e3o: quest\u00f5es de dignidade humana, de prote\u00e7\u00e3o dos vulner\u00e1veis, de justi\u00e7a. Quando uma mulher chega a uma chefia, ela n\u00e3o chega sozinha. Ela carrega consigo todas as que vieram antes e abre porta para todas as que vir\u00e3o depois. A governadora Celina Le\u00e3o entendeu isso. Ela pr\u00f3pria \u00e9 uma mulher que enfrentou barreiras e que hoje governa o Distrito Federal com firmeza. E eu me identifico com essa trajet\u00f3ria. \u00c9 tamb\u00e9m, para mim, uma responsabilidade que assumo com determina\u00e7\u00e3o e com gratid\u00e3o a Deus.<\/p>\n<p><strong>Como procuradora de carreira, qual marca pretende deixar na gest\u00e3o da PGDF?<\/strong><\/p>\n<p>Quero deixar uma marca de dignidade: dignidade da institui\u00e7\u00e3o, dignidade da carreira e dignidade no trato com o cidad\u00e3o e com o servidor. Tenho tr\u00eas compromissos concretos. Primeiro, fortalecer e ajudar a construir a Escola da Advocacia P\u00fablica, porque uma Administra\u00e7\u00e3o forte se faz com forma\u00e7\u00e3o cont\u00ednua e excel\u00eancia t\u00e9cnica. Segundo, modernizar a PGDF \u2014 lev\u00e1-la definitivamente ao s\u00e9culo 21, com tecnologia, intelig\u00eancia de dados e processos digitais que ampliem a capacidade de defesa do DF e o acesso \u00e0 informa\u00e7\u00e3o por todos. Terceiro, fomentar ambiente de respeito e igualdade para toda a Administra\u00e7\u00e3o.<\/p>\n<p><strong>Quais ser\u00e3o os principais desafios na sua vis\u00e3o?<\/strong><\/p>\n<p>Em verdade, dada a recenticidade da minha nomea\u00e7\u00e3o, ainda estou estabelecendo e compreendendo inteiramente quais ser\u00e3o os grandes desafios, sendo certo que tenho disposi\u00e7\u00e3o e coragem para enfrenta-los, quaisquer que sejam. Evidente, por\u00e9m, que o desafio fiscal \u00e9 um deles.<\/p>\n<p><strong>A senhora afirmou que a Procuradoria defende o DF e n\u00e3o apenas governos. De que forma a senhora vai trabalhar na pr\u00e1tica por esta separa\u00e7\u00e3o?<\/strong><\/p>\n<p>Afirmei o que j\u00e1 \u00e9. A Procuradoria \u00e9 \u00f3rg\u00e3o de excel\u00eancia t\u00e9cnica e de not\u00f3ria integridade, estando sempre pronta a posicionar-se a favor dos interesses do Distrito Federal, independentemente do governo que o est\u00e1 comandando.<\/p>\n<p><strong>A senhora assume em um momento onde o GDF est\u00e1 com deficit or\u00e7ament\u00e1rio e trabalhando para capitalizar o BRB. Juridicamente, a situa\u00e7\u00e3o est\u00e1 sob controle?<\/strong><\/p>\n<p>Sim. Juridicamente est\u00e1 sob controle at\u00e9 porque a PGDF, sempre que lhe cabe se pronunciar, o tem feito com rigor t\u00e9cnico.<\/p>\n","protected":false},"excerpt":{"rendered":"<p>A senhora assume indicada pela governadora Celina Le\u00e3o. Qual a import\u00e2ncia da representatividade feminina em \u00f3rg\u00e3os jur\u00eddicos como a PGDF? Importa muito. Cada mulher que ocupa um espa\u00e7o de decis\u00e3o jur\u00eddica abre caminho para outras e abre caminho tamb\u00e9m para que as pautas das mulheres deixem de ser tratadas como tema secund\u00e1rio e passem a ser tratadas como o que [&hellip;]<\/p>\n","protected":false},"author":74,"featured_media":2552,"comment_status":"open","ping_status":"open","sticky":false,"template":"","format":"standard","meta":{"footnotes":""},"categories":[1],"tags":[],"class_list":["post-2550","post","type-post","status-publish","format-standard","has-post-thumbnail","hentry","category-sem-categoria"],"_links":{"self":[{"href":"https:\/\/blogs.correiobraziliense.com.br\/eixocapital\/wp-json\/wp\/v2\/posts\/2550","targetHints":{"allow":["GET"]}}],"collection":[{"href":"https:\/\/blogs.correiobraziliense.com.br\/eixocapital\/wp-json\/wp\/v2\/posts"}],"about":[{"href":"https:\/\/blogs.correiobraziliense.com.br\/eixocapital\/wp-json\/wp\/v2\/types\/post"}],"author":[{"embeddable":true,"href":"https:\/\/blogs.correiobraziliense.com.br\/eixocapital\/wp-json\/wp\/v2\/users\/74"}],"replies":[{"embeddable":true,"href":"https:\/\/blogs.correiobraziliense.com.br\/eixocapital\/wp-json\/wp\/v2\/comments?post=2550"}],"version-history":[{"count":1,"href":"https:\/\/blogs.correiobraziliense.com.br\/eixocapital\/wp-json\/wp\/v2\/posts\/2550\/revisions"}],"predecessor-version":[{"id":2551,"href":"https:\/\/blogs.correiobraziliense.com.br\/eixocapital\/wp-json\/wp\/v2\/posts\/2550\/revisions\/2551"}],"wp:featuredmedia":[{"embeddable":true,"href":"https:\/\/blogs.correiobraziliense.com.br\/eixocapital\/wp-json\/wp\/v2\/media\/2552"}],"wp:attachment":[{"href":"https:\/\/blogs.correiobraziliense.com.br\/eixocapital\/wp-json\/wp\/v2\/media?parent=2550"}],"wp:term":[{"taxonomy":"category","embeddable":true,"href":"https:\/\/blogs.correiobraziliense.com.br\/eixocapital\/wp-json\/wp\/v2\/categories?post=2550"},{"taxonomy":"post_tag","embeddable":true,"href":"https:\/\/blogs.correiobraziliense.com.br\/eixocapital\/wp-json\/wp\/v2\/tags?post=2550"}],"curies":[{"name":"wp","href":"https:\/\/api.w.org\/{rel}","templated":true}]}}