{"id":2546,"date":"2026-05-03T22:03:04","date_gmt":"2026-05-04T01:03:04","guid":{"rendered":"https:\/\/blogs.correiobraziliense.com.br\/eixocapital\/?p=2546"},"modified":"2026-05-03T22:03:04","modified_gmt":"2026-05-04T01:03:04","slug":"pt-lanca-grass-e-kokay-em-evento-no-dia-19-de-maio","status":"publish","type":"post","link":"https:\/\/blogs.correiobraziliense.com.br\/eixocapital\/2026\/05\/03\/pt-lanca-grass-e-kokay-em-evento-no-dia-19-de-maio\/","title":{"rendered":"PT lan\u00e7a Grass e Kokay em evento no dia 19 de maio"},"content":{"rendered":"<p><strong>Texto por Mila Ferreira publicado neste domingo (3\/5) \u2014<\/strong> O Partido dos Trabalhadores do DF vai lan\u00e7ar, no pr\u00f3ximo dia 19 de maio, as pr\u00e9-candidaturas de Leandro Grass ao Governo do Distrito Federal e da deputada \u00c9rika Kokay ao Senado. O evento acontecer\u00e1 no Centro de Conven\u00e7\u00f5es Ulysses Guimar\u00e3es.<\/p>\n<p><strong>Esquerda dividida<\/strong><\/p>\n<p>Ainda sem data definida, o PSB vai lan\u00e7ar, em breve, a pr\u00e9-candidatura de Ricardo Cappelli ao GDF. O PT convidou o pr\u00e9-candidato para integrar a chapa de Leandro Grass como vice. &#8220;O lan\u00e7amento das pr\u00e9-candidaturas marca um movimento para superar o ciclo Ibaneis-Celina. Nesse esfor\u00e7o, a constru\u00e7\u00e3o de uma alternativa vitoriosa exige uma composi\u00e7\u00e3o ampla, e o convite ao PSB para integrar a chapa majorit\u00e1ria, com sua hist\u00f3ria e quadros qualificados, \u00e9 um gesto natural e coerente com a unidade que buscamos&#8221;, afirmou \u00e0 coluna o presidente do PT-DF, Guilherme Sigmaringa.<\/p>\n<p><strong>N\u00e3o ser\u00e1 desta vez\u00a0<\/strong><\/p>\n<p>O PSB respondeu com outro convite, para que Grass compusesse a chapa de Cappelli, tamb\u00e9m como vice. Convites negados. &#8220;A posi\u00e7\u00e3o do PSB \u00e9 de que o DF \u00e9 uma prioridade para n\u00f3s em rela\u00e7\u00e3o \u00e0 candidatura ao governo. Essa posi\u00e7\u00e3o, inclusive, j\u00e1 foi reafirmada pela dire\u00e7\u00e3o nacional do partido em di\u00e1logo com a dire\u00e7\u00e3o nacional do PT. Para n\u00f3s, o PT sempre apresentou que o principal foco era a disputa ao Senado. A nossa vice segue \u00e0 disposi\u00e7\u00e3o, caso queiram construir uma frente ampla de fato&#8221;, disse o presidente do PSB-DF, Rodrigo Dias.<\/p>\n<p><strong>PV-DF aposta em representatividade feminina<\/strong><\/p>\n<p>O Partido Verde do Distrito Federal vive um cen\u00e1rio at\u00edpico em rela\u00e7\u00e3o \u00e0 maioria das legendas: o n\u00famero de mulheres interessadas em disputar as elei\u00e7\u00f5es de 2026 supera a quantidade de vagas dispon\u00edveis na chapa.\u00a0Entre os nomes colocados \u00e0 disposi\u00e7\u00e3o do partido est\u00e3o Rayssa Tomaz, jornalista e dirigente nacional da legenda, com atua\u00e7\u00e3o tamb\u00e9m em articula\u00e7\u00f5es internacionais do Partido Verde, e Dora Gomes, consultora em planejamento estrat\u00e9gico, rela\u00e7\u00f5es institucionais e projetos de impacto social. Rayssa foi candidata a deputada federal em 2018 e \u00e9 secret\u00e1ria de comunica\u00e7\u00e3o do PV-DF. Dora Gomes \u00e9 fundadora do instituto \u00c9 Poss\u00edvel e faz parte do Comit\u00ea de Igualdade Racial do Grupo Mulheres do Brasil.<\/p>\n<p>&#8220;O cen\u00e1rio no partido evidencia um trabalho relevante de participa\u00e7\u00e3o pol\u00edtica que o PV tem feito, com maior protagonismo feminino e diversidade. Em 2022, foi um dos partidos que apresentou maior percentual de candidatas mulheres no Brasil. O desafio, agora, \u00e9 organizar nossa chapa&#8221;, comenta o presidente do PV-DF, Eduardo Brand\u00e3o.<\/p>\n<p><strong>O improv\u00e1vel<\/strong><\/p>\n<p>Em discurso durante encontro do Podemos, na semana passada, o ex-governador Ibaneis Rocha (MDB) relembrou um pouco da trajet\u00f3ria na pol\u00edtica. &#8220;Quem me conhece sabe: eu sou o improv\u00e1vel. Quando eu tinha\u00a07 anos de idade, meu pai resolveu voltar para o Piau\u00ed depois de ter feito a vida aqui em Bras\u00edlia. E n\u00f3s fomos para l\u00e1, fomos criados com todas as dificuldades do interior, em 1978, mas conseguimos e voltamos para estudar. Hoje, somos tr\u00eas advogados na fam\u00edlia&#8221;, recordou. &#8220;Fui presidente da OAB, vice-presidente, diretor, fiz parte do conselho federal e, em 2018, resolvi entrar para a pol\u00edtica. O presidente me questionou dizendo que nunca tinha visto algu\u00e9m abrir m\u00e3o do cargo de diretor da OAB, porque \u00e9 muito dif\u00edcil de conquistar. Mas eu respondi: pois \u00e9, mas eu vou ser governador&#8221;, completou.<\/p>\n<p><strong>Essencialidade<\/strong><\/p>\n<p>O presidente do Senado, Davi Alcolumbre (Uni\u00e3o-AP), confirmou a promulga\u00e7\u00e3o,\u00a0em 5 de maio, da PEC que torna os Tribunais de Contas \u00f3rg\u00e3os permanentes e essenciais ao controle externo. A chamada &#8220;PEC da Essencialidade&#8221; (PEC 39\/2022) veda a extin\u00e7\u00e3o das Cortes estaduais, municipais, al\u00e9m do TCU, ap\u00f3s quase uma d\u00e9cada de tramita\u00e7\u00e3o no Congresso. A medida \u00e9 celebrada pela Associa\u00e7\u00e3o dos Membros dos Tribunais de Contas do Brasil (Atricon). &#8220;Ser\u00e1 um dia hist\u00f3rico na garantia de mais seguran\u00e7a jur\u00eddica ao trabalho t\u00e9cnico das Cortes&#8221;, afirma o presidente da Institui\u00e7\u00e3o, Edilson Silva.<\/p>\n<p><strong>Damares aciona GDF por pacientes oncol\u00f3gicos<\/strong><\/p>\n<p>A senadora Damares Alves (Republicanos-DF) enviou of\u00edcio \u00e0 governadora do Distrito Federal, Celina Le\u00e3o, e ao delegado-geral da Pol\u00edcia Civil do DF, Jos\u00e9 Werick de Carvalho, pedindo ampla divulga\u00e7\u00e3o sobre o alcance do esquema de desvio de medicamentos de alto custo utilizados em terapias oncol\u00f3gicas.<\/p>\n<p>Deflagrada pela PCDF na semana passada, a Opera\u00e7\u00e3o Alto Custo desarticulou uma organiza\u00e7\u00e3o criminosa especializada em furto, roubo e revenda ilegal de medicamentos de alt\u00edssimo custo, principalmente para tratamentos de c\u00e2ncer, doen\u00e7as autoimunes e transplantes. Trata-se de um esquema de &#8220;lavagem de medicamentos&#8221; que utilizava empresas de fachada para reinserir no mercado rem\u00e9dios desviados, movimentando cerca de R$ 22 milh\u00f5es em notas fiscais falsas.<\/p>\n<p>Damares alerta para a urg\u00eancia de prestar orienta\u00e7\u00f5es claras aos pacientes da rede p\u00fablica que fazem tratamentos de alta complexidade para que os afetados sejam comunicados e, ao mesmo tempo,\u00a0garantir\u00a0que pacientes oncol\u00f3gicos n\u00e3o interrompam o tratamento.<\/p>\n<p><strong>R$ 36 milh\u00f5es para a Cultura\u00a0<\/strong><\/p>\n<p>Em um cen\u00e1rio onde o anivers\u00e1rio de Bras\u00edlia e o desfile das escolas de samba do DF foram cancelados, um novo edital do Fundo de Apoio \u00e0 Cultura (FAC), publicado nesta semana, traz f\u00f4lego aos trabalhadores culturais de Bras\u00edlia. S\u00e3o R$ 36 milh\u00f5es a serem direcionados a projetos de fomento cultural, que devem ser enviados com toda a documenta\u00e7\u00e3o necess\u00e1ria entre os dias 7 de maio e 5 de junho,\u00a0por meio de formul\u00e1rio disponibilizado no site da Subsecretaria de Fomento e Incentivo Cultural (SUFIC).<\/p>\n","protected":false},"excerpt":{"rendered":"<p>Texto por Mila Ferreira publicado neste domingo (3\/5) \u2014 O Partido dos Trabalhadores do DF vai lan\u00e7ar, no pr\u00f3ximo dia 19 de maio, as pr\u00e9-candidaturas de Leandro Grass ao Governo do Distrito Federal e da deputada \u00c9rika Kokay ao Senado. O evento acontecer\u00e1 no Centro de Conven\u00e7\u00f5es Ulysses Guimar\u00e3es. Esquerda dividida Ainda sem data definida, o PSB vai lan\u00e7ar, em [&hellip;]<\/p>\n","protected":false},"author":74,"featured_media":2549,"comment_status":"open","ping_status":"open","sticky":false,"template":"","format":"standard","meta":{"footnotes":""},"categories":[1],"tags":[],"class_list":["post-2546","post","type-post","status-publish","format-standard","has-post-thumbnail","hentry","category-sem-categoria"],"_links":{"self":[{"href":"https:\/\/blogs.correiobraziliense.com.br\/eixocapital\/wp-json\/wp\/v2\/posts\/2546","targetHints":{"allow":["GET"]}}],"collection":[{"href":"https:\/\/blogs.correiobraziliense.com.br\/eixocapital\/wp-json\/wp\/v2\/posts"}],"about":[{"href":"https:\/\/blogs.correiobraziliense.com.br\/eixocapital\/wp-json\/wp\/v2\/types\/post"}],"author":[{"embeddable":true,"href":"https:\/\/blogs.correiobraziliense.com.br\/eixocapital\/wp-json\/wp\/v2\/users\/74"}],"replies":[{"embeddable":true,"href":"https:\/\/blogs.correiobraziliense.com.br\/eixocapital\/wp-json\/wp\/v2\/comments?post=2546"}],"version-history":[{"count":1,"href":"https:\/\/blogs.correiobraziliense.com.br\/eixocapital\/wp-json\/wp\/v2\/posts\/2546\/revisions"}],"predecessor-version":[{"id":2547,"href":"https:\/\/blogs.correiobraziliense.com.br\/eixocapital\/wp-json\/wp\/v2\/posts\/2546\/revisions\/2547"}],"wp:featuredmedia":[{"embeddable":true,"href":"https:\/\/blogs.correiobraziliense.com.br\/eixocapital\/wp-json\/wp\/v2\/media\/2549"}],"wp:attachment":[{"href":"https:\/\/blogs.correiobraziliense.com.br\/eixocapital\/wp-json\/wp\/v2\/media?parent=2546"}],"wp:term":[{"taxonomy":"category","embeddable":true,"href":"https:\/\/blogs.correiobraziliense.com.br\/eixocapital\/wp-json\/wp\/v2\/categories?post=2546"},{"taxonomy":"post_tag","embeddable":true,"href":"https:\/\/blogs.correiobraziliense.com.br\/eixocapital\/wp-json\/wp\/v2\/tags?post=2546"}],"curies":[{"name":"wp","href":"https:\/\/api.w.org\/{rel}","templated":true}]}}