{"id":2521,"date":"2024-01-17T07:30:36","date_gmt":"2024-01-17T10:30:36","guid":{"rendered":"https:\/\/blogs.correiobraziliense.com.br\/eixocapital\/?p=2521"},"modified":"2024-01-17T07:30:36","modified_gmt":"2024-01-17T10:30:36","slug":"poupanca-escola-programa-criado-no-df-vira-bolsa-pe-de-meia","status":"publish","type":"post","link":"https:\/\/blogs.correiobraziliense.com.br\/eixocapital\/2024\/01\/17\/poupanca-escola-programa-criado-no-df-vira-bolsa-pe-de-meia\/","title":{"rendered":"Poupan\u00e7a-Escola, programa criado no DF, vira Bolsa P\u00e9 de Meia"},"content":{"rendered":"<p>Sancionado ontem pelo presidente Lula, o projeto que ficou conhecido como \u201cbolsa p\u00e9 de meia\u201d \u00e9 uma c\u00f3pia do programa Poupan\u00e7a-Escola que surgiu originalmente no Distrito Federal no governo de Cristovam Buarque, entre 1995 e 1998. O benef\u00edcio \u00e9 um incentivo para a assiduidade escolar de estudantes de baixa renda, no Ensino M\u00e9dio, al\u00e9m de criar condi\u00e7\u00f5es para que os estudantes possam concluir os estudos. O governo federal ainda vai definir os valores do aux\u00edlio. Quando foi ministro da Educa\u00e7\u00e3o, Cristovam tentou emplacar o benef\u00edcio nacionalmente, mas n\u00e3o conseguiu. Por que agora deu certo? \u201cPorque Jos\u00e9 Dirceu n\u00e3o \u00e9 mais ministro da Casa Civil\u201d, diz Cristovam. Os dois trombaram no primeiro mandato de Lula.<\/p>\n<h3>Flavia se casa com banqueiro<\/h3>\n<p>A ex-deputada e ex-ministra do governo Bolsonaro Fl\u00e1via Peres (ex-Arruda) vai se casar no pr\u00f3ximo s\u00e1bado com o banqueiro Augusto Lima, s\u00f3cio baiano do banco Master. A cerim\u00f4nia ser\u00e1 na Ilha dos Frades, em Salvador, com poucos convidados: fam\u00edlia e amigos mais chegados. No dia seguinte, a festa continua para comemora\u00e7\u00e3o do anivers\u00e1rio de Fl\u00e1via.<\/p>\n<h3>Uma flechada no cora\u00e7\u00e3o<\/h3>\n<p>Por falar em amor\u2026 Vi\u00favo h\u00e1 quase tr\u00eas anos, o deputado federal Alberto Fraga (PL-DF), l\u00edder da bancada da bala, foi atingido no cora\u00e7\u00e3o e vai se casar novamente neste ano. Ele est\u00e1 apaixonado e noivo da empres\u00e1ria L\u00eddia Lira, dona de um big frigor\u00edfico em Tocantins, que abate mais de duas mil cabe\u00e7as de boi por dia. O casal ainda n\u00e3o marcou a data do cas\u00f3rio, mas ser\u00e1 em breve. Fraga j\u00e1 desfila de alian\u00e7a. Agora tem um bom motivo para integrar a bancada ruralista.<\/p>\n<h3>Camuflado<\/h3>\n<p>O ex-diretor-geral da Pol\u00edcia Civil do DF Eric Seba tem se dedicado muito \u00e0 atividade na sua fazenda. Quase n\u00e3o aparece na cidade. Deixou o cabelo e a barba crescerem e est\u00e1 irreconhec\u00edvel. Mas garante que em 2024 ser\u00e1 diferente. Vai passar mais em Bras\u00edlia.<\/p>\n<h3>Equipe de confian\u00e7a<\/h3>\n<p>A comandante-geral da Pol\u00edcia Militar do DF, Ana Paula Barros Habka, conquistou uma prerrogativa que antecessores, como o ex-comandante-geral F\u00e1bio Augusto Vieira n\u00e3o teve: montar a pr\u00f3pria equipe. Aos poucos, sem passar por cima de ningu\u00e9m.<\/p>\n<h3>Menos uma mulher<\/h3>\n<p>A ministra Assusete Magalh\u00e3es do Superior Tribunal de Justi\u00e7a (STJ) se aposentou nesta semana, reduzindo o espa\u00e7o feminino na corte que forma a jurisprud\u00eancia do pa\u00eds. Mineira do Serro, a magistrada foi nomeada para o STJ pela presidente Dilma Rousseff, em 2012. Abre-se uma vaga da Justi\u00e7a Federal. A ministra deixa o STJ na aposentadoria compuls\u00f3ria porque completa 75 anos amanh\u00e3. Dos 33 ministros do STJ, agora h\u00e1 apenas cinco mulheres. Duas cadeiras precisam ser preenchidas.<\/p>\n<h3>Siga o dinheiro<\/h3>\n<p>R$ 361.813.303,00 foi o montante arrecadado em 2023 pelo DER e Detran do Distrito Federal em multas. Houve um aumento de 19,3% em rela\u00e7\u00e3o ao ano anterior.<\/p>\n<h3>A pergunta que n\u00e3o quer calar<\/h3>\n<p>O presidente Lula n\u00e3o teve agendas em 2023 em cinco estados \u2014 Santa Catarina, Mato Grosso do Sul, Tocantins, Alagoas e Minas Gerais \u2014, segundo a GloboNews. Se a sede do poder n\u00e3o fosse em Bras\u00edlia, o presidente Lula teria vindo ao Distrito Federal?<\/p>\n","protected":false},"excerpt":{"rendered":"<p>Sancionado ontem pelo presidente Lula, o projeto que ficou conhecido como \u201cbolsa p\u00e9 de meia\u201d \u00e9 uma c\u00f3pia do programa Poupan\u00e7a-Escola que surgiu originalmente no Distrito Federal no governo de Cristovam Buarque, entre 1995 e 1998. O benef\u00edcio \u00e9 um incentivo para a assiduidade escolar de estudantes de baixa renda, no Ensino M\u00e9dio, al\u00e9m de criar condi\u00e7\u00f5es para que os [&hellip;]<\/p>\n","protected":false},"author":9,"featured_media":2522,"comment_status":"open","ping_status":"open","sticky":false,"template":"","format":"standard","meta":{"footnotes":""},"categories":[1],"tags":[],"class_list":["post-2521","post","type-post","status-publish","format-standard","has-post-thumbnail","hentry","category-sem-categoria"],"_links":{"self":[{"href":"https:\/\/blogs.correiobraziliense.com.br\/eixocapital\/wp-json\/wp\/v2\/posts\/2521","targetHints":{"allow":["GET"]}}],"collection":[{"href":"https:\/\/blogs.correiobraziliense.com.br\/eixocapital\/wp-json\/wp\/v2\/posts"}],"about":[{"href":"https:\/\/blogs.correiobraziliense.com.br\/eixocapital\/wp-json\/wp\/v2\/types\/post"}],"author":[{"embeddable":true,"href":"https:\/\/blogs.correiobraziliense.com.br\/eixocapital\/wp-json\/wp\/v2\/users\/9"}],"replies":[{"embeddable":true,"href":"https:\/\/blogs.correiobraziliense.com.br\/eixocapital\/wp-json\/wp\/v2\/comments?post=2521"}],"version-history":[{"count":1,"href":"https:\/\/blogs.correiobraziliense.com.br\/eixocapital\/wp-json\/wp\/v2\/posts\/2521\/revisions"}],"predecessor-version":[{"id":2523,"href":"https:\/\/blogs.correiobraziliense.com.br\/eixocapital\/wp-json\/wp\/v2\/posts\/2521\/revisions\/2523"}],"wp:featuredmedia":[{"embeddable":true,"href":"https:\/\/blogs.correiobraziliense.com.br\/eixocapital\/wp-json\/wp\/v2\/media\/2522"}],"wp:attachment":[{"href":"https:\/\/blogs.correiobraziliense.com.br\/eixocapital\/wp-json\/wp\/v2\/media?parent=2521"}],"wp:term":[{"taxonomy":"category","embeddable":true,"href":"https:\/\/blogs.correiobraziliense.com.br\/eixocapital\/wp-json\/wp\/v2\/categories?post=2521"},{"taxonomy":"post_tag","embeddable":true,"href":"https:\/\/blogs.correiobraziliense.com.br\/eixocapital\/wp-json\/wp\/v2\/tags?post=2521"}],"curies":[{"name":"wp","href":"https:\/\/api.w.org\/{rel}","templated":true}]}}