{"id":2516,"date":"2023-12-29T12:06:55","date_gmt":"2023-12-29T15:06:55","guid":{"rendered":"https:\/\/blogs.correiobraziliense.com.br\/eixocapital\/?p=2516"},"modified":"2023-12-29T12:07:27","modified_gmt":"2023-12-29T15:07:27","slug":"previsao-de-paz-no-proximo-8-de-janeiro","status":"publish","type":"post","link":"https:\/\/blogs.correiobraziliense.com.br\/eixocapital\/2023\/12\/29\/previsao-de-paz-no-proximo-8-de-janeiro\/","title":{"rendered":"Plano de policiamento da Esplanada: previs\u00e3o \u00e9 de paz no pr\u00f3ximo 8 de janeiro"},"content":{"rendered":"<p>Est\u00e1 tudo pronto no plano de policiamento da Esplanada dos Minist\u00e9rios para o 8 de janeiro, quando haver\u00e1 a festa da democracia idealizada pelo presidente Lula. A Secretaria de Seguran\u00e7a P\u00fablica est\u00e1 trabalhando com o Minist\u00e9rio da Justi\u00e7a e Seguran\u00e7a P\u00fablica, com as \u00e1reas de intelig\u00eancia afinadas, numa situa\u00e7\u00e3o bem diferente da que havia no dia dos atos golpistas e invas\u00e3o dos pr\u00e9dios da Pra\u00e7a dos Tr\u00eas Poderes.\u00a0Em princ\u00edpio, a Esplanada dos Minist\u00e9rios ficar\u00e1 aberta e s\u00f3 haver\u00e1 mudan\u00e7as nessa situa\u00e7\u00e3o se houver alguma amea\u00e7a. Por enquanto, n\u00e3o h\u00e1 indicativos de manifesta\u00e7\u00f5es violentas. &#8220;A Papuda \u00e9 pedag\u00f3gica&#8221;, afirma um dos respons\u00e1veis pelas estrat\u00e9gias de policiamento, referindo-se ao rigor com que o Supremo Tribunal Federal (STF), sob a relatoria do ministro Alexandre de Moraes, tem tratado os processos de quem esteve nos atos antidemocr\u00e1ticos de 8 de janeiro. As redes sociais est\u00e3o sendo monitoradas e tamb\u00e9m a movimenta\u00e7\u00e3o de \u00f4nibus para Bras\u00edlia. O pr\u00f3ximo dia 8 tem tudo para ser realmente uma festa.<\/p>\n<h3>Na Pol\u00edcia Civil, sem mudan\u00e7as<\/h3>\n<p>N\u00e3o haver\u00e1 troca de comando na Pol\u00edcia Civil do DF. O delegado-geral, Jos\u00e9 Werick, tem a simpatia do secret\u00e1rio de Seguran\u00e7a P\u00fablica, Sandro Avelar, e do governador Ibaneis Rocha (MDB). Ex-presidente do Sindicato dos Delegados da Pol\u00edcia Civil do DF, Werick tamb\u00e9m \u00e9 querido na classe.<\/p>\n<h3>Aprovados no concurso do Detran ser\u00e3o nomeados em janeiro<\/h3>\n<p>Os aprovados do \u00faltimo concurso do Departamento de Tr\u00e2nsito do Distrito Federal (Detran-DF) podem comemorar. O diretor-geral, Takane do Nascimento, acertou com a vice-governadora, Celina Le\u00e3o, e com o secret\u00e1rio de Planejamento, Or\u00e7amento e Administra\u00e7\u00e3o, Ney Ferraz, que ser\u00e3o nomeados os 123 servidores em 15 de janeiro. O Detran-DF j\u00e1 havia anunciado a autoriza\u00e7\u00e3o da nomea\u00e7\u00e3o, em outubro deste ano, e agora o Governo do Distrito Federal assina as nomea\u00e7\u00f5es dos aprovados para assumirem seus cargos para T\u00e9cnico em Atividades de Tr\u00e2nsito e de Analista em Atividades de Tr\u00e2nsito. &#8220;Essa conquista \u00e9 muito importante para eles, mas para o Detran \u00e9 maior ainda. Sejam bem-vindos&#8221;, disse Takane.<\/p>\n<h3>Paz e ironia<\/h3>\n<p>Mensagem de Natal do deputado Alberto Fraga (PL-DF), para encerrar as brigas de fam\u00edlia nas festas de fim de ano: &#8220;Se eu briguei com voc\u00ea por conta do Bolsonaro, j\u00e1 est\u00e1 na hora de voc\u00ea me pedir desculpas e reconhecer que eu estava certo&#8221;. Ironia.<\/p>\n<h3>Duas lutas<\/h3>\n<p>Para a senadora Leila Barros (PDT-DF), 2023 foi o ano de grandes lutas: o combate aos feminic\u00eddios e \u00e0 manuten\u00e7\u00e3o do Fundo Constitucional do Distrito Federal nos patamares atuais. A primeira batalha ainda precisa ser vencida: 34 mulheres foram assassinadas neste ano por serem mulheres.<\/p>\n<h3>Para relaxar\u2026<\/h3>\n<p>A deputada Doutora Jane (MDB) passou o \u00faltimo ano t\u00e3o empenhada no mandato que demorou a desacelerar para as festas de fim de ano. Outro dia, ela entrou no supermercado para comprar os produtos para a ceia de Natal e deu um branco. Com a cabe\u00e7a na C\u00e2mara Legislativa, esqueceu do que tinha de levar para a festa. Agora, a distrital se prepara para f\u00e9rias com a fam\u00edlia, inclusive os cinco netos de\u00a03 a 10 anos, na Disney de Orlando. Vai ser outro tipo de trabalho.<\/p>\n<h3>Solu\u00e7\u00e3o consensual<\/h3>\n<p>Para auxiliar advogados trabalhistas, trabalhadores e patr\u00f5es que tenham processos na Justi\u00e7a do Trabalho, o juiz do Trabalho Rogerio Neiva, do TRT da 10\u00aa Regi\u00e3o, est\u00e1 lan\u00e7ando o aplicativo SCAPA (Sistema de C\u00e1lculo de Proposta de Acordos). O objetivo \u00e9 facilitar, primeiramente, os c\u00e1lculos necess\u00e1rios para se chegar ao valor total da a\u00e7\u00e3o, ou seja, a soma das verbas trabalhistas demandadas no processo. Com base nesses n\u00fameros e na estimativa de risco, o aplicativo calcula os valores considerados justos para um acordo entre as partes, por meio da concilia\u00e7\u00e3o. O resultado beneficia empregadores e empregados, ao facilitar uma solu\u00e7\u00e3o justa, r\u00e1pida e consensual para as demandas trabalhistas.<\/p>\n<h3>Preju\u00edzos evit\u00e1veis<\/h3>\n<p>Segundo pesquisa\u00a0de Rog\u00e9rio Neiva, 21% dos trabalhadores e 42% das empresas saem perdendo ao recusar um acordo proposto na Justi\u00e7a trabalhista, optando por aguardar uma decis\u00e3o judicial. S\u00f3 para as empresas, a estimativa de perda ao recusar acordos no ano de 2022 \u00e9 de R$ 2,24 bilh\u00f5es.<\/p>\n","protected":false},"excerpt":{"rendered":"<p>Est\u00e1 tudo pronto no plano de policiamento da Esplanada dos Minist\u00e9rios para o 8 de janeiro, quando haver\u00e1 a festa da democracia idealizada pelo presidente Lula. A Secretaria de Seguran\u00e7a P\u00fablica est\u00e1 trabalhando com o Minist\u00e9rio da Justi\u00e7a e Seguran\u00e7a P\u00fablica, com as \u00e1reas de intelig\u00eancia afinadas, numa situa\u00e7\u00e3o bem diferente da que havia no dia dos atos golpistas e [&hellip;]<\/p>\n","protected":false},"author":9,"featured_media":2517,"comment_status":"open","ping_status":"open","sticky":false,"template":"","format":"standard","meta":{"footnotes":""},"categories":[1],"tags":[718],"class_list":["post-2516","post","type-post","status-publish","format-standard","has-post-thumbnail","hentry","category-sem-categoria","tag-8-de-janeiro"],"_links":{"self":[{"href":"https:\/\/blogs.correiobraziliense.com.br\/eixocapital\/wp-json\/wp\/v2\/posts\/2516","targetHints":{"allow":["GET"]}}],"collection":[{"href":"https:\/\/blogs.correiobraziliense.com.br\/eixocapital\/wp-json\/wp\/v2\/posts"}],"about":[{"href":"https:\/\/blogs.correiobraziliense.com.br\/eixocapital\/wp-json\/wp\/v2\/types\/post"}],"author":[{"embeddable":true,"href":"https:\/\/blogs.correiobraziliense.com.br\/eixocapital\/wp-json\/wp\/v2\/users\/9"}],"replies":[{"embeddable":true,"href":"https:\/\/blogs.correiobraziliense.com.br\/eixocapital\/wp-json\/wp\/v2\/comments?post=2516"}],"version-history":[{"count":2,"href":"https:\/\/blogs.correiobraziliense.com.br\/eixocapital\/wp-json\/wp\/v2\/posts\/2516\/revisions"}],"predecessor-version":[{"id":2519,"href":"https:\/\/blogs.correiobraziliense.com.br\/eixocapital\/wp-json\/wp\/v2\/posts\/2516\/revisions\/2519"}],"wp:featuredmedia":[{"embeddable":true,"href":"https:\/\/blogs.correiobraziliense.com.br\/eixocapital\/wp-json\/wp\/v2\/media\/2517"}],"wp:attachment":[{"href":"https:\/\/blogs.correiobraziliense.com.br\/eixocapital\/wp-json\/wp\/v2\/media?parent=2516"}],"wp:term":[{"taxonomy":"category","embeddable":true,"href":"https:\/\/blogs.correiobraziliense.com.br\/eixocapital\/wp-json\/wp\/v2\/categories?post=2516"},{"taxonomy":"post_tag","embeddable":true,"href":"https:\/\/blogs.correiobraziliense.com.br\/eixocapital\/wp-json\/wp\/v2\/tags?post=2516"}],"curies":[{"name":"wp","href":"https:\/\/api.w.org\/{rel}","templated":true}]}}