{"id":2513,"date":"2023-12-28T11:52:38","date_gmt":"2023-12-28T14:52:38","guid":{"rendered":"https:\/\/blogs.correiobraziliense.com.br\/eixocapital\/?p=2513"},"modified":"2023-12-28T11:52:38","modified_gmt":"2023-12-28T14:52:38","slug":"em-uma-semana-quase-800-mil-pessoas-aderiram-ao-celular-seguro","status":"publish","type":"post","link":"https:\/\/blogs.correiobraziliense.com.br\/eixocapital\/2023\/12\/28\/em-uma-semana-quase-800-mil-pessoas-aderiram-ao-celular-seguro\/","title":{"rendered":"Em uma semana, quase 800 mil pessoas aderiram ao Celular Seguro"},"content":{"rendered":"<p>Um dos programas de destaque do Minist\u00e9rio da Justi\u00e7a e Seguran\u00e7a P\u00fablica \u00e9 o Celular Seguro. Trata-se de um aplicativo que informa aos bancos e operadoras que o celular foi roubado ou furtado. Desse modo, o dispositivo pode ser bloqueado nessas institui\u00e7\u00f5es. A pessoa cadastra o aparelho no app e indica algu\u00e9m de sua confian\u00e7a para bloquear o equipamento. O celular fica inutilizado. O ministro Ricardo Cappelli diz que o roubo ou furto de celulares \u00e9 um dos crimes mais comuns e dif\u00edceis de serem combatidos, sem intelig\u00eancia e estrat\u00e9gia. Com o sucesso do programa, ficar\u00e1 menos atrativo para os criminosos. O programa foi lan\u00e7ado pouco antes do Natal, em 1a9 de dezembro, e at\u00e9 ontem 793,3 mil cadastros foram realizados no aplicativo. Foram inclu\u00eddos 579,9 mil celulares e 528,8 mil pessoas de confian\u00e7a, respons\u00e1veis por ativar o bloqueio em caso de roubo, furto ou perda. Os n\u00fameros s\u00e3o diferentes porque algumas pessoas fizeram o cadastro, mas ainda n\u00e3o inclu\u00edram todas as informa\u00e7\u00f5es.<\/p>\n<h3>J\u00e1 em funcionamento<\/h3>\n<p>At\u00e9 ontem, houve 4.349 pedidos de bloqueios de celular. A maioria por roubo (1.836), 1.285 furtos e 902 perdas. Lembrando que o programa Celular Seguro est\u00e1 apenas no come\u00e7o. S\u00e3o Paulo foi o campe\u00e3o de acionamentos, com 1.125, seguido pelo Rio de Janeiro, com 494, e Pernambuco, com 324. O Distrito Federal estava, at\u00e9 ontem, em nono lugar, com 136 pedidos de inutiliza\u00e7\u00e3o do aparelho. Os bancos levam em m\u00e9dia 10 minutos para bloquear os aplicativos. Mas a promessa \u00e9 de melhorar ainda mais esse tempo, para que seja imediato.<\/p>\n<h3>Um xerife para o Minist\u00e9rio da Justi\u00e7a<\/h3>\n<p>Se topar assumir o minist\u00e9rio da Justi\u00e7a e Seguran\u00e7a P\u00fablica, o ministro aposentado do STF Ricardo Lewandowski ter\u00e1 vida dura. Hoje, a pasta \u00e9 muito mais voltada para a \u00e1rea de seguran\u00e7a, com combate ao crime organizado e interface com \u00f3rg\u00e3os como a Pol\u00edcia Federal, Pol\u00edcia Rodovi\u00e1ria Federal, Receita Federal e at\u00e9 com as For\u00e7as Armadas. Precisar\u00e1 de muito jogo de cintura para lidar com uma pasta que funciona como uma esp\u00e9cie de pronto-socorro de temas espinhosos. Lewandowski seria muito mais adaptado a um minist\u00e9rio ao estilo do que foi o de M\u00e1rcio Thomaz Bastos no primeiro governo do presidente Lula, quando se discutiam pol\u00edticas do Judici\u00e1rio, apesar das grandes opera\u00e7\u00f5es da Pol\u00edcia Federal.<\/p>\n<h3>Sem pressa<\/h3>\n<p>O presidente Lula n\u00e3o tem pressa em definir o nome do novo ou da nova ministra da Justi\u00e7a e Seguran\u00e7a P\u00fablica. A decis\u00e3o s\u00f3 deve ser anunciada depois da festa da democracia, na efem\u00e9ride de um ano do 8 de janeiro. At\u00e9 l\u00e1, Fl\u00e1vio Dino continua ministro do Executivo. Mas, como tirou uns dias de f\u00e9rias, o secret\u00e1rio-executivo da pasta, Ricardo Cappelli, responde como ministro.<\/p>\n<h3>Executivo<\/h3>\n<p>Fl\u00e1vio Dino s\u00f3 toma posse no STF em fevereiro, depois do carnaval. At\u00e9 l\u00e1, quer montar a equipe de seu gabinete para vestir a toga pronto para trabalhar. Se n\u00e3o ficar no Minist\u00e9rio da Justi\u00e7a e Seguran\u00e7a P\u00fablica, Ricardo Cappelli n\u00e3o ir\u00e1 para a equipe de Dino no Supremo. Ele acredita que tem mais perfil para o Executivo.<\/p>\n<h3>Sem press\u00e3o<\/h3>\n<p>A defini\u00e7\u00e3o para o comando do Minist\u00e9rio da Justi\u00e7a e Seguran\u00e7a deve ser ao tempo do presidente Lula, sem ceder a press\u00f5es. Assim como ocorreu com as escolhas para o STF e para a Procuradoria-Geral da Rep\u00fablica. Vetos tamb\u00e9m n\u00e3o colam. Paulo Gonet teve a indica\u00e7\u00e3o contestada em carta assinada e mesmo assim foi escolhido e nomeado procurador-geral. Mesmo Fl\u00e1vio Dino teve a indica\u00e7\u00e3o bombardeada. Lula seguiu o que estava na cabe\u00e7a. N\u00e3o significa que esteja alheio a composi\u00e7\u00f5es.<\/p>\n<h3>Celina de volta<\/h3>\n<p>De f\u00e9rias em Miami, o governador Ibaneis Rocha (MDB) n\u00e3o vai participar do grande evento pela democracia em 8 de janeiro. Entra em cena a vice-governadora Celina Le\u00e3o (PP), que est\u00e1 respondendo pelo GDF e atuou no momento de crise depois dos atos golpistas. Tem bom di\u00e1logo com as autoridades envolvidas.<\/p>\n<h3>R\u00e9veillon em Paris<\/h3>\n<p>A presidente nacional do PT, Gleisi Hoffmann, e o deputado Lindbergh Farias (PT-RJ) desembarcaram ontem em Paris. O casal vai aproveitar os dias de f\u00e9rias do presidente Lula para passar o r\u00e9veillon na capital francesa, tomando vinho nacional.<\/p>\n","protected":false},"excerpt":{"rendered":"<p>Um dos programas de destaque do Minist\u00e9rio da Justi\u00e7a e Seguran\u00e7a P\u00fablica \u00e9 o Celular Seguro. Trata-se de um aplicativo que informa aos bancos e operadoras que o celular foi roubado ou furtado. Desse modo, o dispositivo pode ser bloqueado nessas institui\u00e7\u00f5es. A pessoa cadastra o aparelho no app e indica algu\u00e9m de sua confian\u00e7a para bloquear o equipamento. O [&hellip;]<\/p>\n","protected":false},"author":9,"featured_media":2514,"comment_status":"open","ping_status":"open","sticky":false,"template":"","format":"standard","meta":{"footnotes":""},"categories":[1],"tags":[771,433],"class_list":["post-2513","post","type-post","status-publish","format-standard","has-post-thumbnail","hentry","category-sem-categoria","tag-celular-seguro","tag-lula"],"_links":{"self":[{"href":"https:\/\/blogs.correiobraziliense.com.br\/eixocapital\/wp-json\/wp\/v2\/posts\/2513","targetHints":{"allow":["GET"]}}],"collection":[{"href":"https:\/\/blogs.correiobraziliense.com.br\/eixocapital\/wp-json\/wp\/v2\/posts"}],"about":[{"href":"https:\/\/blogs.correiobraziliense.com.br\/eixocapital\/wp-json\/wp\/v2\/types\/post"}],"author":[{"embeddable":true,"href":"https:\/\/blogs.correiobraziliense.com.br\/eixocapital\/wp-json\/wp\/v2\/users\/9"}],"replies":[{"embeddable":true,"href":"https:\/\/blogs.correiobraziliense.com.br\/eixocapital\/wp-json\/wp\/v2\/comments?post=2513"}],"version-history":[{"count":1,"href":"https:\/\/blogs.correiobraziliense.com.br\/eixocapital\/wp-json\/wp\/v2\/posts\/2513\/revisions"}],"predecessor-version":[{"id":2515,"href":"https:\/\/blogs.correiobraziliense.com.br\/eixocapital\/wp-json\/wp\/v2\/posts\/2513\/revisions\/2515"}],"wp:featuredmedia":[{"embeddable":true,"href":"https:\/\/blogs.correiobraziliense.com.br\/eixocapital\/wp-json\/wp\/v2\/media\/2514"}],"wp:attachment":[{"href":"https:\/\/blogs.correiobraziliense.com.br\/eixocapital\/wp-json\/wp\/v2\/media?parent=2513"}],"wp:term":[{"taxonomy":"category","embeddable":true,"href":"https:\/\/blogs.correiobraziliense.com.br\/eixocapital\/wp-json\/wp\/v2\/categories?post=2513"},{"taxonomy":"post_tag","embeddable":true,"href":"https:\/\/blogs.correiobraziliense.com.br\/eixocapital\/wp-json\/wp\/v2\/tags?post=2513"}],"curies":[{"name":"wp","href":"https:\/\/api.w.org\/{rel}","templated":true}]}}