{"id":2473,"date":"2023-04-23T10:57:25","date_gmt":"2023-04-23T13:57:25","guid":{"rendered":"https:\/\/blogs.correiobraziliense.com.br\/eixocapital\/?p=2473"},"modified":"2023-04-23T10:57:25","modified_gmt":"2023-04-23T13:57:25","slug":"maratona-do-correio-brasilia-em-festa-novamente","status":"publish","type":"post","link":"https:\/\/blogs.correiobraziliense.com.br\/eixocapital\/2023\/04\/23\/maratona-do-correio-brasilia-em-festa-novamente\/","title":{"rendered":"Maratona do Correio: Bras\u00edlia em festa novamente"},"content":{"rendered":"<h4>Da coluna Eixo Capital\/Ana Maria Campos<\/h4>\n<p>Depois de um in\u00edcio de ano triste, a Pra\u00e7a dos Tr\u00eas Poderes, Bras\u00edlia viveu um dia de festa e tranquilidade, com fam\u00edlias, atletas, pol\u00edticos, moradores em geral e turistas nas ruas da capital na celebra\u00e7\u00e3o de\u00a063 anos de sua inaugura\u00e7\u00e3o.<\/p>\n<p>&nbsp;<\/p>\n<p>O <strong>Correio<\/strong> contribuiu para a alegria do anivers\u00e1rio da cidade, com a Maratona Bras\u00edlia 2023.<\/p>\n<p>Teve oportunidade para todos os tipos de corredores: 5km, 10km e 42km, com possibilidade de revezamento.<\/p>\n<p>&nbsp;<\/p>\n<p>O governador Ibaneis Rocha (MDB) participou da premia\u00e7\u00e3o, ao lado do vice-presidente executivo do <strong>Correio<\/strong>, Guilherme Machado. Ibaneis chegou acompanhado da primeira-dama, Mayara Noronha Rocha, e do filho ca\u00e7ula, Mateus.<\/p>\n<p>&nbsp;<\/p>\n<p>V\u00e1rios outros integrantes do governo passaram por l\u00e1, entre eles, os secret\u00e1rios de Esporte, deputado J\u00falio C\u00e9sar Ribeiro, de Seguran\u00e7a P\u00fablica, Sandro Avelar, e de Comunica\u00e7\u00e3o, Weligton Moraes, al\u00e9m da vice-governadora Celina Le\u00e3o.<\/p>\n<p>A corrida, que era tradi\u00e7\u00e3o, retorna depois de 25 anos. Agora para ficar.<\/p>\n","protected":false},"excerpt":{"rendered":"<p>Da coluna Eixo Capital\/Ana Maria Campos Depois de um in\u00edcio de ano triste, a Pra\u00e7a dos Tr\u00eas Poderes, Bras\u00edlia viveu um dia de festa e tranquilidade, com fam\u00edlias, atletas, pol\u00edticos, moradores em geral e turistas nas ruas da capital na celebra\u00e7\u00e3o de\u00a063 anos de sua inaugura\u00e7\u00e3o. &nbsp; O Correio contribuiu para a alegria do anivers\u00e1rio da cidade, com a Maratona [&hellip;]<\/p>\n","protected":false},"author":9,"featured_media":2474,"comment_status":"open","ping_status":"open","sticky":false,"template":"","format":"standard","meta":{"footnotes":""},"categories":[247,262],"tags":[761,760,759,758],"class_list":["post-2473","post","type-post","status-publish","format-standard","has-post-thumbnail","hentry","category-eixo-capital","category-ibaneis-rocha","tag-63-anos","tag-aniversario-de-brasilia","tag-correio-braziliense","tag-maratona-brasilia-2023"],"_links":{"self":[{"href":"https:\/\/blogs.correiobraziliense.com.br\/eixocapital\/wp-json\/wp\/v2\/posts\/2473","targetHints":{"allow":["GET"]}}],"collection":[{"href":"https:\/\/blogs.correiobraziliense.com.br\/eixocapital\/wp-json\/wp\/v2\/posts"}],"about":[{"href":"https:\/\/blogs.correiobraziliense.com.br\/eixocapital\/wp-json\/wp\/v2\/types\/post"}],"author":[{"embeddable":true,"href":"https:\/\/blogs.correiobraziliense.com.br\/eixocapital\/wp-json\/wp\/v2\/users\/9"}],"replies":[{"embeddable":true,"href":"https:\/\/blogs.correiobraziliense.com.br\/eixocapital\/wp-json\/wp\/v2\/comments?post=2473"}],"version-history":[{"count":1,"href":"https:\/\/blogs.correiobraziliense.com.br\/eixocapital\/wp-json\/wp\/v2\/posts\/2473\/revisions"}],"predecessor-version":[{"id":2475,"href":"https:\/\/blogs.correiobraziliense.com.br\/eixocapital\/wp-json\/wp\/v2\/posts\/2473\/revisions\/2475"}],"wp:featuredmedia":[{"embeddable":true,"href":"https:\/\/blogs.correiobraziliense.com.br\/eixocapital\/wp-json\/wp\/v2\/media\/2474"}],"wp:attachment":[{"href":"https:\/\/blogs.correiobraziliense.com.br\/eixocapital\/wp-json\/wp\/v2\/media?parent=2473"}],"wp:term":[{"taxonomy":"category","embeddable":true,"href":"https:\/\/blogs.correiobraziliense.com.br\/eixocapital\/wp-json\/wp\/v2\/categories?post=2473"},{"taxonomy":"post_tag","embeddable":true,"href":"https:\/\/blogs.correiobraziliense.com.br\/eixocapital\/wp-json\/wp\/v2\/tags?post=2473"}],"curies":[{"name":"wp","href":"https:\/\/api.w.org\/{rel}","templated":true}]}}