{"id":2464,"date":"2023-03-14T10:42:38","date_gmt":"2023-03-14T13:42:38","guid":{"rendered":"https:\/\/blogs.correiobraziliense.com.br\/eixocapital\/?p=2464"},"modified":"2023-03-14T10:42:38","modified_gmt":"2023-03-14T13:42:38","slug":"projeto-garante-direito-de-servidor-se-desconectar","status":"publish","type":"post","link":"https:\/\/blogs.correiobraziliense.com.br\/eixocapital\/2023\/03\/14\/projeto-garante-direito-de-servidor-se-desconectar\/","title":{"rendered":"Projeto garante direito de servidor se desconectar"},"content":{"rendered":"<h4>ANA MARIA CAMPOS<\/h4>\n<p class=\"p1\"><span class=\"s1\">Projeto em tramita\u00e7\u00e3o na C\u00e2mara Legislativa estabelece como ass\u00e9dio moral qualquer tentativa de comunica\u00e7\u00e3o eletr\u00f4nica da chefia ao servidor p\u00fablico fora do hor\u00e1rio de trabalho.<br \/>\n<\/span><\/p>\n<p>&nbsp;<\/p>\n<p class=\"p1\"><span class=\"s1\">A medida, proposta pelo deputado distrital Iolando (MDB), vale para servidores do Executivo local e da C\u00e2mara Legislativa e n\u00e3o contempla quem tem cargo comissionado.<br \/>\n<\/span><\/p>\n<p>&nbsp;<\/p>\n<p class=\"p1\"><span class=\"s1\">\u00c9 o chamado direito de \u201cdesconex\u00e3o digital\u201d. \u201cA crescente utiliza\u00e7\u00e3o de meios eletr\u00f4nicos de comunica\u00e7\u00e3o no ambiente de trabalho tem levado muitos servidores p\u00fablicos a uma sobrecarga de trabalho, prejudicando a qualidade de vida e aumentando o risco de doen\u00e7as relacionadas ao trabalho\u201d, justifica o distrital.<\/span><\/p>\n<p>&nbsp;<\/p>\n<p>O projeto ainda precisa passar pelas comiss\u00f5es, plen\u00e1rio e pelo crivo do Pal\u00e1cio do Buriti.<\/p>\n","protected":false},"excerpt":{"rendered":"<p>ANA MARIA CAMPOS Projeto em tramita\u00e7\u00e3o na C\u00e2mara Legislativa estabelece como ass\u00e9dio moral qualquer tentativa de comunica\u00e7\u00e3o eletr\u00f4nica da chefia ao servidor p\u00fablico fora do hor\u00e1rio de trabalho. &nbsp; A medida, proposta pelo deputado distrital Iolando (MDB), vale para servidores do Executivo local e da C\u00e2mara Legislativa e n\u00e3o contempla quem tem cargo comissionado. &nbsp; \u00c9 o chamado direito de [&hellip;]<\/p>\n","protected":false},"author":9,"featured_media":2466,"comment_status":"open","ping_status":"open","sticky":false,"template":"","format":"standard","meta":{"footnotes":""},"categories":[247],"tags":[70,406,755,642,442],"class_list":["post-2464","post","type-post","status-publish","format-standard","has-post-thumbnail","hentry","category-eixo-capital","tag-camara-legislativa","tag-deputado-distrital","tag-desconexao-digital","tag-iolando","tag-mdb"],"_links":{"self":[{"href":"https:\/\/blogs.correiobraziliense.com.br\/eixocapital\/wp-json\/wp\/v2\/posts\/2464","targetHints":{"allow":["GET"]}}],"collection":[{"href":"https:\/\/blogs.correiobraziliense.com.br\/eixocapital\/wp-json\/wp\/v2\/posts"}],"about":[{"href":"https:\/\/blogs.correiobraziliense.com.br\/eixocapital\/wp-json\/wp\/v2\/types\/post"}],"author":[{"embeddable":true,"href":"https:\/\/blogs.correiobraziliense.com.br\/eixocapital\/wp-json\/wp\/v2\/users\/9"}],"replies":[{"embeddable":true,"href":"https:\/\/blogs.correiobraziliense.com.br\/eixocapital\/wp-json\/wp\/v2\/comments?post=2464"}],"version-history":[{"count":1,"href":"https:\/\/blogs.correiobraziliense.com.br\/eixocapital\/wp-json\/wp\/v2\/posts\/2464\/revisions"}],"predecessor-version":[{"id":2465,"href":"https:\/\/blogs.correiobraziliense.com.br\/eixocapital\/wp-json\/wp\/v2\/posts\/2464\/revisions\/2465"}],"wp:featuredmedia":[{"embeddable":true,"href":"https:\/\/blogs.correiobraziliense.com.br\/eixocapital\/wp-json\/wp\/v2\/media\/2466"}],"wp:attachment":[{"href":"https:\/\/blogs.correiobraziliense.com.br\/eixocapital\/wp-json\/wp\/v2\/media?parent=2464"}],"wp:term":[{"taxonomy":"category","embeddable":true,"href":"https:\/\/blogs.correiobraziliense.com.br\/eixocapital\/wp-json\/wp\/v2\/categories?post=2464"},{"taxonomy":"post_tag","embeddable":true,"href":"https:\/\/blogs.correiobraziliense.com.br\/eixocapital\/wp-json\/wp\/v2\/tags?post=2464"}],"curies":[{"name":"wp","href":"https:\/\/api.w.org\/{rel}","templated":true}]}}