{"id":2462,"date":"2023-03-14T10:21:37","date_gmt":"2023-03-14T13:21:37","guid":{"rendered":"https:\/\/blogs.correiobraziliense.com.br\/eixocapital\/?p=2462"},"modified":"2023-03-14T10:21:37","modified_gmt":"2023-03-14T13:21:37","slug":"seis-integrantes-do-mp-se-apresentam-para-a-disputa-a-vaga-no-tjdft","status":"publish","type":"post","link":"https:\/\/blogs.correiobraziliense.com.br\/eixocapital\/2023\/03\/14\/seis-integrantes-do-mp-se-apresentam-para-a-disputa-a-vaga-no-tjdft\/","title":{"rendered":"Seis integrantes do MP se apresentam  para a disputa a vaga no TJDFT"},"content":{"rendered":"<h4>ANA MARIA CAMPOS<\/h4>\n<p>Seis integrantes do Minist\u00e9rio P\u00fablico do Distrito Federal e Territ\u00f3rios (MPDFT) se apresentaram para a disputa \u00e0 vaga aberta no Tribunal de Justi\u00e7a do Distrito Federal e Territ\u00f3rios (TJDFT) com a aposentadoria do desembargador Romeu Gonzaga Neiva.<\/p>\n<p>&nbsp;<\/p>\n<p>Est\u00e3o na disputa a ex-procuradora-geral de Justi\u00e7a do DF Fabiana Costa, os procuradores Marilda dos Reis Fontinele, Maur\u00edcio Miranda e Vitor Fernandes Gon\u00e7alves e os promotores de Justi\u00e7a Fl\u00e1vio Augusto Milhomem e Trajano Souza de Melo.<\/p>\n<p>&nbsp;<\/p>\n<p>O per\u00edodo de inscri\u00e7\u00e3o terminou ontem (13) e as elei\u00e7\u00f5es internas est\u00e3o previstas para 30 de mar\u00e7o.<\/p>\n<p>&nbsp;<\/p>\n<p>Promotores e procuradores dever\u00e3o eleger uma lista com at\u00e9 seis nomes. Logo, a escolha j\u00e1 est\u00e1 feita. Falta, no entanto, a vota\u00e7\u00e3o para que a classe apresente suas prefer\u00eancias.<\/p>\n<p>&nbsp;<\/p>\n<p>Em seguida, o resultado da vota\u00e7\u00e3o interna ser\u00e1 enviado ao TJDFT que dever\u00e1 definir uma lista tr\u00edplice, a ser enviada ao presidente Lula.<\/p>\n","protected":false},"excerpt":{"rendered":"<p>ANA MARIA CAMPOS Seis integrantes do Minist\u00e9rio P\u00fablico do Distrito Federal e Territ\u00f3rios (MPDFT) se apresentaram para a disputa \u00e0 vaga aberta no Tribunal de Justi\u00e7a do Distrito Federal e Territ\u00f3rios (TJDFT) com a aposentadoria do desembargador Romeu Gonzaga Neiva. &nbsp; Est\u00e3o na disputa a ex-procuradora-geral de Justi\u00e7a do DF Fabiana Costa, os procuradores Marilda dos Reis Fontinele, Maur\u00edcio Miranda [&hellip;]<\/p>\n","protected":false},"author":9,"featured_media":685,"comment_status":"open","ping_status":"open","sticky":false,"template":"","format":"standard","meta":{"footnotes":""},"categories":[1],"tags":[754,19,354,753,64,148],"class_list":["post-2462","post","type-post","status-publish","format-standard","has-post-thumbnail","hentry","category-sem-categoria","tag-lista","tag-mpdft","tag-quinto-constitucional","tag-romeu-gonzaga-neiva","tag-tjdft","tag-vaga"],"_links":{"self":[{"href":"https:\/\/blogs.correiobraziliense.com.br\/eixocapital\/wp-json\/wp\/v2\/posts\/2462","targetHints":{"allow":["GET"]}}],"collection":[{"href":"https:\/\/blogs.correiobraziliense.com.br\/eixocapital\/wp-json\/wp\/v2\/posts"}],"about":[{"href":"https:\/\/blogs.correiobraziliense.com.br\/eixocapital\/wp-json\/wp\/v2\/types\/post"}],"author":[{"embeddable":true,"href":"https:\/\/blogs.correiobraziliense.com.br\/eixocapital\/wp-json\/wp\/v2\/users\/9"}],"replies":[{"embeddable":true,"href":"https:\/\/blogs.correiobraziliense.com.br\/eixocapital\/wp-json\/wp\/v2\/comments?post=2462"}],"version-history":[{"count":1,"href":"https:\/\/blogs.correiobraziliense.com.br\/eixocapital\/wp-json\/wp\/v2\/posts\/2462\/revisions"}],"predecessor-version":[{"id":2463,"href":"https:\/\/blogs.correiobraziliense.com.br\/eixocapital\/wp-json\/wp\/v2\/posts\/2462\/revisions\/2463"}],"wp:featuredmedia":[{"embeddable":true,"href":"https:\/\/blogs.correiobraziliense.com.br\/eixocapital\/wp-json\/wp\/v2\/media\/685"}],"wp:attachment":[{"href":"https:\/\/blogs.correiobraziliense.com.br\/eixocapital\/wp-json\/wp\/v2\/media?parent=2462"}],"wp:term":[{"taxonomy":"category","embeddable":true,"href":"https:\/\/blogs.correiobraziliense.com.br\/eixocapital\/wp-json\/wp\/v2\/categories?post=2462"},{"taxonomy":"post_tag","embeddable":true,"href":"https:\/\/blogs.correiobraziliense.com.br\/eixocapital\/wp-json\/wp\/v2\/tags?post=2462"}],"curies":[{"name":"wp","href":"https:\/\/api.w.org\/{rel}","templated":true}]}}