{"id":2428,"date":"2023-03-03T09:06:23","date_gmt":"2023-03-03T12:06:23","guid":{"rendered":"https:\/\/blogs.correiobraziliense.com.br\/eixocapital\/?p=2428"},"modified":"2023-03-03T10:21:05","modified_gmt":"2023-03-03T13:21:05","slug":"mais-de-80-do-df-reprovam-invasoes-de-8-de-janeiro-na-praca-dos-tres-poderes","status":"publish","type":"post","link":"https:\/\/blogs.correiobraziliense.com.br\/eixocapital\/2023\/03\/03\/mais-de-80-do-df-reprovam-invasoes-de-8-de-janeiro-na-praca-dos-tres-poderes\/","title":{"rendered":"Mais de 80% do DF reprovam invas\u00f5es de 8 de janeiro na Pra\u00e7a dos Tr\u00eas Poderes"},"content":{"rendered":"<p><strong>Coluna Eixo Capital, por Ana Maria Campos<\/strong><\/p>\n<p>A rejei\u00e7\u00e3o \u00e0 invas\u00e3o e depreda\u00e7\u00e3o dos pr\u00e9dios na Pra\u00e7a dos Tr\u00eas Poderes chegou a 81,3% da popula\u00e7\u00e3o do Distrito Federal. \u00c9 o que mostra uma pesquisa do Instituto Opini\u00e3o de Curitiba, a que a coluna teve acesso. Apenas 2,9% disseram que s\u00e3o favor\u00e1veis ao vandalismo no Pal\u00e1cio do Planalto, Congresso Nacional e Supremo Tribunal Federal (STF). Outros 9,3% s\u00e3o indiferentes e 6,4% n\u00e3o sabem ou n\u00e3o opinaram. Dos 900 entrevistados, entre 10 e 12 de fevereiro, 42,2% disseram que todas as pessoas que participaram da baderna em 8 de janeiro deveriam ser presas. Para 26,6%, s\u00f3 alguns dos envolvidos teriam que ser penalizados. J\u00e1 13,4% dos entrevistados acham que a maioria deveria ser presa. A margem de erro \u00e9 de 3 pontos percentuais, com 95% de confiabilidade para o resultado geral da pesquisa. O Instituto Opini\u00e3o atua h\u00e1 mais de 10 anos com pesquisas quantitativas e qualitativas em todo o Brasil. Com sede em Curitiba, no Paran\u00e1, a entidade presta servi\u00e7o para empresas, \u00f3rg\u00e3os p\u00fablicos, prefeituras e governos estaduais. &#8220;O levantamento deixa claro que a grande maioria dos moradores de todas as regi\u00f5es do Distrito Federal repudiam os atos de 8 de janeiro&#8221;, afirma o soci\u00f3logo Arilton Freres, diretor do Instituto Opini\u00e3o.<\/p>\n<p><strong>Vandalismo<br \/>\n<\/strong>A pesquisa do Instituto Opini\u00e3o tamb\u00e9m questionou qual \u00e9 a palavra que melhor define a conduta dos participantes dos atos antidemocr\u00e1ticos de janeiro. Para 31,7%, as depreda\u00e7\u00f5es foram praticadas por v\u00e2ndalos; 23,2% afirmaram que os bolsonaristas radicais eram criminosos; 19,9% disseram que eram apenas pessoas insatisfeitas com o resultado da elei\u00e7\u00e3o presidencial; e para 13,6%, o quebra-quebra foi causado por terroristas. Outros 4,7% chamam de atos antidemocr\u00e1ticos.<\/p>\n<p><strong>Maioria aprovou interven\u00e7\u00e3o na seguran\u00e7a<br \/>\n<\/strong>Em rela\u00e7\u00e3o \u00e0 medida tomada ainda em 8 de janeiro pelo presidente Luiz In\u00e1cio Lula da Silva, que determinou a interven\u00e7\u00e3o federal na Secretaria de Seguran\u00e7a P\u00fablica do DF, o levantamento aponta que 61,6% das pessoas ouvidas concordaram com a decis\u00e3o. Para 51,6% dos entrevistados, as for\u00e7as de seguran\u00e7a do Distrito Federal n\u00e3o cumpriram com o dever de proteger as sedes do Executivo, do Legislativo e do Judici\u00e1rio. A pesquisa do Instituto Opini\u00e3o mostra que 46,7% da popula\u00e7\u00e3o do DF aprovou o trabalho durante a interven\u00e7\u00e3o. Somados os percentuais de \u00f3timo e bom, 34,9% dos entrevistados avaliaram positivamente a atua\u00e7\u00e3o do interventor, o secret\u00e1rio-executivo do Minist\u00e9rio da Justi\u00e7a e Seguran\u00e7a P\u00fablica, Ricardo Cappelli. Entre as medidas adotadas, houve o afastamento da c\u00fapula da Pol\u00edcia Militar do DF e da Secretaria de Seguran\u00e7a.<\/p>\n<h3>&#8220;Programa Adote uma UBS&#8221;<\/h3>\n<p>A deputada distrital Dayse Amarilio (PSB), que \u00e9 enfermeira por forma\u00e7\u00e3o, protocolou projeto de lei que cria programa para incentivar a sociedade civil organizada e pessoas jur\u00eddicas a participarem da melhoria da qualidade da sa\u00fade p\u00fablica do DF, por meio da conserva\u00e7\u00e3o e da manuten\u00e7\u00e3o da infraestrutura das Unidades B\u00e1sicas de Sa\u00fade (UBS). Segundo Dayse Amarilio, com o &#8220;Programa Adote uma UBS&#8221;, o GDF poder\u00e1 firmar termos de coopera\u00e7\u00e3o com pessoas jur\u00eddicas legalmente constitu\u00eddas e interessadas em adotar uma UBS. Pelo projeto, quem quiser participar poder\u00e1 doar equipamentos e materiais, realizar obras de reforma e amplia\u00e7\u00e3o, de acordo com projeto aprovado pelo GDF; contribuir na conserva\u00e7\u00e3o e manuten\u00e7\u00e3o e promover atividades voltadas \u00e0 sa\u00fade p\u00fablica, inclusive a implementa\u00e7\u00e3o e conserva\u00e7\u00e3o de hortas fitoter\u00e1picas.<\/p>\n<p><strong>Deficit de dermatologistas<br \/>\n<\/strong>O Tribunal de Contas do Distrito Federal (TCDF) pediu \u00e0 Secretaria de Sa\u00fade provid\u00eancias para resolver um problema na rede p\u00fablica: o deficit de dermatologistas. Segundo representa\u00e7\u00e3o do Minist\u00e9rio P\u00fablico junto ao TCDF, h\u00e1 uma car\u00eancia de pelo menos 49 profissionais dessa especialidade m\u00e9dica no Sistema \u00danico de Sa\u00fade (SUS) do DF e as contrata\u00e7\u00f5es em concurso n\u00e3o t\u00eam contemplado essa quest\u00e3o. O processo foi julgado sob a relatoria do conselheiro Renato Rainha.<\/p>\n<p><strong>Retorno emocionado<br \/>\n<\/strong>A conselheira Anilceia Machado voltou ao trabalho, nesta semana, depois de quase dois anos afastada. Nesse per\u00edodo, ela passou por tratamento de sa\u00fade, ficou vi\u00fava e sofreu um acidente de carro. Na sess\u00e3o de retorno ao Tribunal de Contas do DF, a ex-presidente se emocionou e agradeceu o apoio e solidariedade dos colegas.<\/p>\n<p><strong>A velha &#8220;gaiola de ouro&#8221;<br \/>\n<\/strong>A C\u00e2mara Municipal da cidade do Rio de Janeiro, quando era a capital do Brasil, se notabilizou pelo apelido que ganhou na pol\u00edtica brasileira: &#8220;a gaiola de ouro&#8221;. Pelo barulho que fazia e pelo alto custo da constru\u00e7\u00e3o do pr\u00e9dio que abrigava a C\u00e2mara Municipal. Isso porque algumas das maiores lideran\u00e7as do pa\u00eds passaram por l\u00e1 e promoviam calorosos debates que repercutiam no Pal\u00e1cio das Laranjeiras e na opini\u00e3o p\u00fablica carioca, centro pol\u00edtico nervoso do Brasil at\u00e9 o surgimento de Bras\u00edlia.<\/p>\n<p><strong>Uma nova &#8220;gaiola de ouro&#8221;?<br \/>\n<\/strong>Passados 63 anos, a C\u00e2mara Legislativa do Distrito Federal est\u00e1 no centro das aten\u00e7\u00f5es da pol\u00edtica nacional com o come\u00e7o da CPI dos Atos Antidemocr\u00e1ticos. Os depoimentos de ontem atra\u00edram a aten\u00e7\u00e3o nacional e os pr\u00f3ximos \u2014 como o do ex-ministro da Justi\u00e7a e ex-secret\u00e1rio de Seguran\u00e7a Anderson Torres \u2014 prometem revela\u00e7\u00f5es que podem abalar a Rep\u00fablica.<\/p>\n<p><strong>Sil\u00eancio<br \/>\n<\/strong>Mas Anderson Torres quer usar a prerrogativa constitucional de n\u00e3o responder \u00e0s perguntas dos deputados distritais na CPI dos Atos Antidemocr\u00e1ticos. A defesa do ex-ministro fez ontem o pedido ao ministro Alexandre de Moraes, de permanecer em sil\u00eancio durante a oitiva na C\u00e2mara Legislativa. A medida pode ser estrat\u00e9gica para a defesa, mas \u00e9 ruim do ponto de vista pol\u00edtico, porque seria uma oportunidade para a contesta\u00e7\u00e3o p\u00fablica de todas as acusa\u00e7\u00f5es. Depois de mais dois feminic\u00eddios ontem e uma tentativa, que medidas urgentes precisam ser adotadas para impedir esses crimes?<\/p>\n","protected":false},"excerpt":{"rendered":"<p>Apenas 2,9% disseram que s\u00e3o favor\u00e1veis ao vandalismo no Pal\u00e1cio do Planalto, Congresso e STF. Outros 9,3% s\u00e3o indiferentes e 6,4% n\u00e3o sabem ou n\u00e3o opinaram<\/p>\n","protected":false},"author":9,"featured_media":2429,"comment_status":"open","ping_status":"open","sticky":false,"template":"","format":"standard","meta":{"footnotes":""},"categories":[247],"tags":[718,746,698,723,630,713,308,3,565],"class_list":["post-2428","post","type-post","status-publish","format-standard","has-post-thumbnail","hentry","category-eixo-capital","tag-8-de-janeiro","tag-anilceia-machado","tag-atos-antidemocraticos","tag-cpi-dos-atos-antidemocraticos","tag-dayse-amarilio","tag-intervencao","tag-secretaria-de-saude","tag-tcdf","tag-ubs"],"_links":{"self":[{"href":"https:\/\/blogs.correiobraziliense.com.br\/eixocapital\/wp-json\/wp\/v2\/posts\/2428","targetHints":{"allow":["GET"]}}],"collection":[{"href":"https:\/\/blogs.correiobraziliense.com.br\/eixocapital\/wp-json\/wp\/v2\/posts"}],"about":[{"href":"https:\/\/blogs.correiobraziliense.com.br\/eixocapital\/wp-json\/wp\/v2\/types\/post"}],"author":[{"embeddable":true,"href":"https:\/\/blogs.correiobraziliense.com.br\/eixocapital\/wp-json\/wp\/v2\/users\/9"}],"replies":[{"embeddable":true,"href":"https:\/\/blogs.correiobraziliense.com.br\/eixocapital\/wp-json\/wp\/v2\/comments?post=2428"}],"version-history":[{"count":2,"href":"https:\/\/blogs.correiobraziliense.com.br\/eixocapital\/wp-json\/wp\/v2\/posts\/2428\/revisions"}],"predecessor-version":[{"id":2432,"href":"https:\/\/blogs.correiobraziliense.com.br\/eixocapital\/wp-json\/wp\/v2\/posts\/2428\/revisions\/2432"}],"wp:featuredmedia":[{"embeddable":true,"href":"https:\/\/blogs.correiobraziliense.com.br\/eixocapital\/wp-json\/wp\/v2\/media\/2429"}],"wp:attachment":[{"href":"https:\/\/blogs.correiobraziliense.com.br\/eixocapital\/wp-json\/wp\/v2\/media?parent=2428"}],"wp:term":[{"taxonomy":"category","embeddable":true,"href":"https:\/\/blogs.correiobraziliense.com.br\/eixocapital\/wp-json\/wp\/v2\/categories?post=2428"},{"taxonomy":"post_tag","embeddable":true,"href":"https:\/\/blogs.correiobraziliense.com.br\/eixocapital\/wp-json\/wp\/v2\/tags?post=2428"}],"curies":[{"name":"wp","href":"https:\/\/api.w.org\/{rel}","templated":true}]}}