{"id":2401,"date":"2023-02-22T07:22:56","date_gmt":"2023-02-22T10:22:56","guid":{"rendered":"https:\/\/blogs.correiobraziliense.com.br\/eixocapital\/?p=2401"},"modified":"2023-02-22T07:22:56","modified_gmt":"2023-02-22T10:22:56","slug":"camara-legislativa-vai-debater-superendividamento-de-servidores","status":"publish","type":"post","link":"https:\/\/blogs.correiobraziliense.com.br\/eixocapital\/2023\/02\/22\/camara-legislativa-vai-debater-superendividamento-de-servidores\/","title":{"rendered":"C\u00e2mara Legislativa vai debater superendividamento de servidores"},"content":{"rendered":"<p><strong>Coluna Eixo capital, por Ana Maria Campos<\/strong><\/p>\n<p>A C\u00e2mara Legislativa promove nesta quinta-feira uma comiss\u00e3o geral para discutir a quest\u00e3o do superendividamento de servidores p\u00fablicos do GDF. Autor da iniciativa, o deputado distrital Gabriel Magno (PT) afirma que a Lei Federal 14.871\/2021 define a situa\u00e7\u00e3o como a impossibilidade de o consumidor de boa-f\u00e9 pagar a totalidade de suas d\u00edvidas de consumo sem comprometer seu m\u00ednimo existencial. Segundo o distrital, no DF, a situa\u00e7\u00e3o \u00e9 grave. &#8220;S\u00e3o not\u00f3rios os casos de superendividamento em que o BRB se apropria de quase totalidade dos vencimentos dos servidores p\u00fablicos, ultrapassando o limite de 30% no desconto de empr\u00e9stimos consignados e sujeitando essas pessoas \u00e0 pen\u00faria&#8221;, afirma o petista. Gabriel Magno diz que muitos servidores tentam, mas n\u00e3o conseguem renegociar suas d\u00edvidas.<\/p>\n<h3>Contra o discurso do \u00f3dio<\/h3>\n<p>Presidente da Comiss\u00e3o de \u00c9tica e Direitos Humanos da C\u00e2mara Legislativa, o deputado distrital F\u00e1bio F\u00e9lix (PSol) vai fazer uma representa\u00e7\u00e3o ao Minist\u00e9rio P\u00fablico do Distrito Federal e Territ\u00f3rios (MPDFT) e \u00e0 Pol\u00edcia Civil contra um<a href=\"https:\/\/blogs.correiobraziliense.com.br\/cbpoder\/fabio-felix-vai-denunciar-ao-mp-e-a-policia-discurso-homofobico-em-evento-religioso\/\"><strong> pastor norte-americano que fez um discurso homof\u00f3bico em evento no Pavilh\u00e3o de Exposi\u00e7\u00f5es do Parque da Cidade<\/strong><\/a>, no fim de semana. O pastor pregava em ingl\u00eas contra a bandeira LGBTQIA , enquanto um brasileiro fazia a tradu\u00e7\u00e3o para o portugu\u00eas: &#8220;Todo homossexual tem uma reserva no inferno. Toda l\u00e9sbica tem uma reserva no inferno. Todo transg\u00eanero tem uma reserva no inferno. Todo bissexual tem uma reserva no inferno&#8221;. &#8220;Discurso de \u00f3dio n\u00e3o \u00e9 liberdade religiosa. \u00c9 crime&#8221;, afirmou F\u00e9lix.<\/p>\n<p><strong>Comunidade incomodada<br \/>\n<\/strong>Moradores dos blocos J e K da quadra 306 Sul estavam indignados com o barulho e a confus\u00e3o dos foli\u00f5es ontem nos blocos Calango Careta e Orquestra Alada. Tudo bem que \u00e9 dia de festa, mas muitos carnavalescos preferem uma moita aos banheiros qu\u00edmicos, fazem barulho, bagun\u00e7a e incomodam a comunidade. Depois, o DF Legal chegou ao local e acabou com a festa, porque n\u00e3o tinha autoriza\u00e7\u00e3o. Dif\u00edcil agradar a todos. Mas a festa em \u00e1rea residencial provoca realmente muitas queixas. O grupo da prefeitura da quadra estava bombando ontem.<\/p>\n<p><strong>N\u00e3o \u00e9 n\u00e3o<br \/>\n<\/strong>O deputado distrital Ricardo Vale (PT) se divertiu nos blocos do carnaval de Bras\u00edlia e ainda aproveitou para fazer uma campanha para reduzir a viol\u00eancia contra a mulher. Distribuiu material contra o machismo e pelo slogan &#8220;n\u00e3o \u00e9 n\u00e3o&#8221;.<\/p>\n<p><strong>Pelas mulheres<br \/>\n<\/strong>Nas redes sociais, v\u00e1rios deputados entraram na onda contra os casos de feminic\u00eddio e fizeram propaganda de combate \u00e0 viol\u00eancia contra a mulher e medidas para elas se defenderem. Foi o caso, por exemplo, dos deputados Hermeto (MDB), Gabriel Magno (PT) e Max Maciel (PSol).<\/p>\n<p><strong>Li\u00e7\u00f5es<br \/>\n<\/strong>Secret\u00e1rio-executivo do Minist\u00e9rio da Justi\u00e7a e Seguran\u00e7a P\u00fablica, o ex-interventor Ricardo Cappelli aproveitou o feriado de carnaval para reler <em>A era do esc\u00e2ndalo<\/em>, do jornalista M\u00e1rio Rosa. O livro ensina pol\u00edticos e empresas a sa\u00edrem da crise e recuperarem a credibilidade.<\/p>\n<p><strong>S\u00f3 papos<\/strong><\/p>\n<blockquote><p>&#8220;Eu coordenei a transi\u00e7\u00e3o de governo justamente na \u00e1rea do Desenvolvimento Regional, que \u00e9 respons\u00e1vel pelas a\u00e7\u00f5es de Defesa Civil e resposta a desastres. L\u00e1, descobrimos que o governo Bolsonaro havia destinado apenas R$ 25 mil para as a\u00e7\u00f5es de emerg\u00eancia no or\u00e7amento 2023&#8221;<br \/>\nPresidente do Iphan, Leandro Grass<\/p>\n<p>&#8220;O (ex)presidente Jair Bolsonaro sempre esteve presente em todas as trag\u00e9dias como mostram N v\u00eddeos em suas redes sociais e enviou infimamente mais recursos a estados e munic\u00edpios quando ocorriam lament\u00e1veis fatos&#8221;<br \/>\nCarlos Bolsonaro, vereador pelo Rio de Janeiro e filho 02 do ex-presidente Jair Bolsonaro<\/p><\/blockquote>\n","protected":false},"excerpt":{"rendered":"<p>Gabriel Magno afirma que a Lei Federal 14.871\/2021 define a impossibilidade de o consumidor pagar as d\u00edvidas de consumo sem comprometer o m\u00ednimo existencial<\/p>\n","protected":false},"author":9,"featured_media":2402,"comment_status":"open","ping_status":"open","sticky":false,"template":"","format":"standard","meta":{"footnotes":""},"categories":[247],"tags":[70,728,385,568,740,271],"class_list":["post-2401","post","type-post","status-publish","format-standard","has-post-thumbnail","hentry","category-eixo-capital","tag-camara-legislativa","tag-carnaval-2023","tag-fabio-felix","tag-gabriel-magno","tag-homofobia","tag-ricardo-vale"],"_links":{"self":[{"href":"https:\/\/blogs.correiobraziliense.com.br\/eixocapital\/wp-json\/wp\/v2\/posts\/2401","targetHints":{"allow":["GET"]}}],"collection":[{"href":"https:\/\/blogs.correiobraziliense.com.br\/eixocapital\/wp-json\/wp\/v2\/posts"}],"about":[{"href":"https:\/\/blogs.correiobraziliense.com.br\/eixocapital\/wp-json\/wp\/v2\/types\/post"}],"author":[{"embeddable":true,"href":"https:\/\/blogs.correiobraziliense.com.br\/eixocapital\/wp-json\/wp\/v2\/users\/9"}],"replies":[{"embeddable":true,"href":"https:\/\/blogs.correiobraziliense.com.br\/eixocapital\/wp-json\/wp\/v2\/comments?post=2401"}],"version-history":[{"count":1,"href":"https:\/\/blogs.correiobraziliense.com.br\/eixocapital\/wp-json\/wp\/v2\/posts\/2401\/revisions"}],"predecessor-version":[{"id":2403,"href":"https:\/\/blogs.correiobraziliense.com.br\/eixocapital\/wp-json\/wp\/v2\/posts\/2401\/revisions\/2403"}],"wp:featuredmedia":[{"embeddable":true,"href":"https:\/\/blogs.correiobraziliense.com.br\/eixocapital\/wp-json\/wp\/v2\/media\/2402"}],"wp:attachment":[{"href":"https:\/\/blogs.correiobraziliense.com.br\/eixocapital\/wp-json\/wp\/v2\/media?parent=2401"}],"wp:term":[{"taxonomy":"category","embeddable":true,"href":"https:\/\/blogs.correiobraziliense.com.br\/eixocapital\/wp-json\/wp\/v2\/categories?post=2401"},{"taxonomy":"post_tag","embeddable":true,"href":"https:\/\/blogs.correiobraziliense.com.br\/eixocapital\/wp-json\/wp\/v2\/tags?post=2401"}],"curies":[{"name":"wp","href":"https:\/\/api.w.org\/{rel}","templated":true}]}}