{"id":2395,"date":"2023-02-21T07:58:33","date_gmt":"2023-02-21T10:58:33","guid":{"rendered":"https:\/\/blogs.correiobraziliense.com.br\/eixocapital\/?p=2395"},"modified":"2023-02-21T07:58:33","modified_gmt":"2023-02-21T10:58:33","slug":"disputa-por-cargos-comissionados-no-governo-lula-e-grande","status":"publish","type":"post","link":"https:\/\/blogs.correiobraziliense.com.br\/eixocapital\/2023\/02\/21\/disputa-por-cargos-comissionados-no-governo-lula-e-grande\/","title":{"rendered":"Disputa por cargos comissionados no governo Lula \u00e9 grande"},"content":{"rendered":"<p><strong>Coluna Eixo Capital, por Ana Maria Campos<\/strong><\/p>\n<p>A disputa por cargos comissionados no governo Lula \u00e9 grande. O presidente da EBC, H\u00e9lio Doyle, tem respondido a v\u00e1rios pedidos de emprego. Assim que foi nomeado oficialmente, o jornalista divulgou uma mensagem explicando a dificuldade em atender a pedidos de vagas, porque a maioria das fun\u00e7\u00f5es \u00e9 exercida por concursados. Mais uma vez, ontem, ele usou as redes sociais para prestar contas da situa\u00e7\u00e3o: &#8220;H\u00e1 pouqu\u00edssimos cargos eventualmente vagos. A EBC tem cerca de 1.700 empregados concursados e 421 cargos comissionados, dos quais 126 podem ser ocupados por n\u00e3o concursados. Isso para todas as \u00e1reas e cidades.&#8221;<\/p>\n<h3>A bola est\u00e1 com Celina<\/h3>\n<p>A governadora em exerc\u00edcio Celina Le\u00e3o (PP) est\u00e1 com a bola toda. De reuni\u00e3o em reuni\u00e3o, ela tem participado de solenidades oficiais, com lan\u00e7amento de programas. Esteve durante o carnaval em eventos evang\u00e9licos, acompanha as a\u00e7\u00f5es da seguran\u00e7a p\u00fablica nos blocos de Bras\u00edlia e, ontem, &#8220;descansou&#8221; fazendo o que adora: jogando futev\u00f4lei no Iate Clube de Bras\u00edlia com as amigas. Dos 51 dias deste ano, ela governou 41. E at\u00e9 na diploma\u00e7\u00e3o pela Justi\u00e7a Eleitoral foi a protagonista, porque Ibaneis Rocha estava com covid-19 e n\u00e3o compareceu.<\/p>\n<p><strong>Bloquinho do Hmib<br \/>\n<\/strong>Batman, Mulher Maravilha, Capit\u00e3o Am\u00e9rica, unic\u00f3rnio, Super-Homem, princesa e foli\u00e3o havaiano. Os 35 beb\u00eas internados na UTI neonatal do Hospital Materno-Infantil de Bras\u00edlia (Hmib) receberam fantasias em seu primeiro carnaval. Como num bloco de carnaval de verdade, a divers\u00e3o veio acompanhada de cuidados. &#8220;\u00c9 uma fantasia para cada crian\u00e7a, porque n\u00e3o podemos reutilizar de um para outro&#8221;, explica a enfermeira Danilla Parma. Os tamanhos variavam de acordo com o foli\u00e3o: na UTI neonatal, h\u00e1 crian\u00e7as de 500 a 1.200 gramas. Arrumar cada um e preparar o cen\u00e1rio para as fotos foi uma festa \u00e0 parte. &#8220;Toda a equipe entra na vibe boa&#8221;, acrescenta.<\/p>\n<p><strong>Interna\u00e7\u00e3o compuls\u00f3ria para agressores de mulheres<br \/>\n<\/strong>O deputado distrital Joaquim Roriz Neto (PL) apresentou projeto de lei pol\u00eamico para tentar frear a viol\u00eancia contra as mulheres. O texto prev\u00ea interna\u00e7\u00e3o compuls\u00f3ria para acusados de viol\u00eancia dom\u00e9stica em cl\u00ednica de tratamento psicossocial. A lei seria uma forma de preven\u00e7\u00e3o e combate ao feminic\u00eddio no Distrito Federal. Conforme proposto pelo distrital, o agressor dever\u00e1 ser encaminhado ao estabelecimento de interna\u00e7\u00e3o pela pr\u00f3pria autoridade policial. O prazo e a alta ser\u00e3o estabelecidos por laudo de especialista. O documento ser\u00e1 submetido \u00e0 aprecia\u00e7\u00e3o do juiz competente, com manifesta\u00e7\u00e3o do Minist\u00e9rio P\u00fablico. Os custos pela interna\u00e7\u00e3o dever\u00e3o ser ressarcidos pelo agressor ao Estado 90 dias ap\u00f3s a alta. O projeto desperta questionamentos sobre a constitucionalidade, mas abre espa\u00e7o para debates.<\/p>\n","protected":false},"excerpt":{"rendered":"<p>Presidente da EBC, H\u00e9lio Doyle tem respondido a v\u00e1rios pedidos de emprego. O jornalista divulgou uma mensagem explicando a dificuldade em atender a pedidos<\/p>\n","protected":false},"author":9,"featured_media":2396,"comment_status":"open","ping_status":"open","sticky":false,"template":"","format":"standard","meta":{"footnotes":""},"categories":[247],"tags":[738,329,737,739,327],"class_list":["post-2395","post","type-post","status-publish","format-standard","has-post-thumbnail","hentry","category-eixo-capital","tag-cargos-comissionados","tag-celina-leao","tag-ebc","tag-hmib","tag-joaquim-roriz-neto"],"_links":{"self":[{"href":"https:\/\/blogs.correiobraziliense.com.br\/eixocapital\/wp-json\/wp\/v2\/posts\/2395","targetHints":{"allow":["GET"]}}],"collection":[{"href":"https:\/\/blogs.correiobraziliense.com.br\/eixocapital\/wp-json\/wp\/v2\/posts"}],"about":[{"href":"https:\/\/blogs.correiobraziliense.com.br\/eixocapital\/wp-json\/wp\/v2\/types\/post"}],"author":[{"embeddable":true,"href":"https:\/\/blogs.correiobraziliense.com.br\/eixocapital\/wp-json\/wp\/v2\/users\/9"}],"replies":[{"embeddable":true,"href":"https:\/\/blogs.correiobraziliense.com.br\/eixocapital\/wp-json\/wp\/v2\/comments?post=2395"}],"version-history":[{"count":1,"href":"https:\/\/blogs.correiobraziliense.com.br\/eixocapital\/wp-json\/wp\/v2\/posts\/2395\/revisions"}],"predecessor-version":[{"id":2397,"href":"https:\/\/blogs.correiobraziliense.com.br\/eixocapital\/wp-json\/wp\/v2\/posts\/2395\/revisions\/2397"}],"wp:featuredmedia":[{"embeddable":true,"href":"https:\/\/blogs.correiobraziliense.com.br\/eixocapital\/wp-json\/wp\/v2\/media\/2396"}],"wp:attachment":[{"href":"https:\/\/blogs.correiobraziliense.com.br\/eixocapital\/wp-json\/wp\/v2\/media?parent=2395"}],"wp:term":[{"taxonomy":"category","embeddable":true,"href":"https:\/\/blogs.correiobraziliense.com.br\/eixocapital\/wp-json\/wp\/v2\/categories?post=2395"},{"taxonomy":"post_tag","embeddable":true,"href":"https:\/\/blogs.correiobraziliense.com.br\/eixocapital\/wp-json\/wp\/v2\/tags?post=2395"}],"curies":[{"name":"wp","href":"https:\/\/api.w.org\/{rel}","templated":true}]}}