{"id":239,"date":"2021-11-13T08:14:27","date_gmt":"2021-11-13T11:14:27","guid":{"rendered":"https:\/\/blogs.correiobraziliense.com.br\/eixocapital\/?p=239"},"modified":"2021-11-13T08:14:27","modified_gmt":"2021-11-13T11:14:27","slug":"policiais-civis-entram-no-pareo-das-eleicoes-de-2022","status":"publish","type":"post","link":"https:\/\/blogs.correiobraziliense.com.br\/eixocapital\/2021\/11\/13\/policiais-civis-entram-no-pareo-das-eleicoes-de-2022\/","title":{"rendered":"Policiais civis entram no p\u00e1reo das elei\u00e7\u00f5es de 2022"},"content":{"rendered":"<p><strong>Coluna Eixo Capital, por Ana Maria Campos<\/strong><\/p>\n<p>Pelo menos tr\u00eas delegados devem disputar as pr\u00f3ximas elei\u00e7\u00f5es: o deputado distrital Fernando Fernandes (Pros); o ex-presidente do Sindepo Rafael Sampaio (PL), que hoje \u00e9 assessor da ministra-chefe da Secretaria de Governo da Presid\u00eancia da Rep\u00fablica, Fl\u00e1via Arruda; e Jane Kl\u00e9bia, titular da 8\u00aa DP (SIA\/Estrutural). \u00c0 exce\u00e7\u00e3o de Sampaio, os demais devem concorrer a uma vaga na C\u00e2mara Legislativa. Nesse embate est\u00e3o tamb\u00e9m os deputados distritais Cl\u00e1udio Abrantes (PDT), que \u00e9 da carreira de agente de pol\u00edcia, e Reginaldo Sardinha (Avante), policial penal.<\/p>\n<p><strong>Propostas em an\u00e1lise<br \/>\n<\/strong>O presidente do Sindicato dos Policiais Civis do DF (Sinpol-DF), Alex Galv\u00e3o, tamb\u00e9m tem sido incentivado a concorrer ao cargo de deputado distrital para representar a categoria, apesar de estar h\u00e1 apenas dois anos \u00e0 frente da entidade. Galv\u00e3o tem conversado com alguns partidos, mas ainda n\u00e3o decidiu.<\/p>\n<h3>Advogado brasileiro na Corte Interamericana de Direitos Humanos<\/h3>\n<p>O advogado brasileiro Rodrigo Mudrovitsch, 36 anos, ser\u00e1 o novo juiz da Corte Interamericana de Direitos Humanos. Mudrovitsch foi o mais votado (19 de 24 votos poss\u00edveis) e, agora, torna-se o segundo jurista mais jovem a tomar posse como juiz na hist\u00f3ria da corte. Com um belo curr\u00edculo, ele conseguiu um feito e tanto: ser advogado em uma \u00e1rea onde predominam ju\u00edzes. Ele disputou com outros oito candidatos e passa a integrar um plen\u00e1rio composto por sete integrantes de nacionalidades distintas.<\/p>\n<p><strong>Caminho rorizista pelo PL<br \/>\n<\/strong>Joaquim Roriz Neto esteve com o presidente nacional do PL, Valdemar Costa Neto, para falar sobre a filia\u00e7\u00e3o ao partido e deve seguir no grupo liderado por Fl\u00e1via Arruda e Jair Bolsonaro nas pr\u00f3ximas elei\u00e7\u00f5es. O caminho dele deve ser buscar uma vaga de deputado distrital. Est\u00e1 de olhos nos votos que j\u00e1 foram da m\u00e3e, Jaqueline Roriz, e da tia Liliane Roriz.<\/p>\n<p><strong>Chute na canela<br \/>\n<\/strong>A elei\u00e7\u00e3o da OAB-DF tem sido uma pr\u00e9via do que pode ser a disputa de 2022: campanhas com muito engajamento e caras, chutes na canela, v\u00eddeos ap\u00f3crifos com ataques a advers\u00e1rios enviados por WhatsApp e fake news.<\/p>\n<p><strong>Imunidade 70%<br \/>\n<\/strong>Boa not\u00edcia: o DF atingiu a marca de 70% da popula\u00e7\u00e3o acima de 12 anos imunizada com duas doses ou dose \u00fanica contra a covid-19. Ao todo, temos mais de 1,8 milh\u00e3o de pessoas vacinadas.<\/p>\n","protected":false},"excerpt":{"rendered":"<p>Pelo menos tr\u00eas delegados devem disputar as pr\u00f3ximas elei\u00e7\u00f5es: Fernando Fernandes (Pros); o ex-presidente do Sindepo Rafael Sampaio (PL) e Jane Kl\u00e9bia<\/p>\n","protected":false},"author":9,"featured_media":240,"comment_status":"open","ping_status":"open","sticky":false,"template":"","format":"standard","meta":{"footnotes":""},"categories":[1],"tags":[70,122,29,54,121,51],"class_list":["post-239","post","type-post","status-publish","format-standard","has-post-thumbnail","hentry","category-sem-categoria","tag-camara-legislativa","tag-covid-19","tag-eleicoes-2022","tag-oab-df","tag-policia-civil","tag-vacina"],"_links":{"self":[{"href":"https:\/\/blogs.correiobraziliense.com.br\/eixocapital\/wp-json\/wp\/v2\/posts\/239","targetHints":{"allow":["GET"]}}],"collection":[{"href":"https:\/\/blogs.correiobraziliense.com.br\/eixocapital\/wp-json\/wp\/v2\/posts"}],"about":[{"href":"https:\/\/blogs.correiobraziliense.com.br\/eixocapital\/wp-json\/wp\/v2\/types\/post"}],"author":[{"embeddable":true,"href":"https:\/\/blogs.correiobraziliense.com.br\/eixocapital\/wp-json\/wp\/v2\/users\/9"}],"replies":[{"embeddable":true,"href":"https:\/\/blogs.correiobraziliense.com.br\/eixocapital\/wp-json\/wp\/v2\/comments?post=239"}],"version-history":[{"count":1,"href":"https:\/\/blogs.correiobraziliense.com.br\/eixocapital\/wp-json\/wp\/v2\/posts\/239\/revisions"}],"predecessor-version":[{"id":241,"href":"https:\/\/blogs.correiobraziliense.com.br\/eixocapital\/wp-json\/wp\/v2\/posts\/239\/revisions\/241"}],"wp:featuredmedia":[{"embeddable":true,"href":"https:\/\/blogs.correiobraziliense.com.br\/eixocapital\/wp-json\/wp\/v2\/media\/240"}],"wp:attachment":[{"href":"https:\/\/blogs.correiobraziliense.com.br\/eixocapital\/wp-json\/wp\/v2\/media?parent=239"}],"wp:term":[{"taxonomy":"category","embeddable":true,"href":"https:\/\/blogs.correiobraziliense.com.br\/eixocapital\/wp-json\/wp\/v2\/categories?post=239"},{"taxonomy":"post_tag","embeddable":true,"href":"https:\/\/blogs.correiobraziliense.com.br\/eixocapital\/wp-json\/wp\/v2\/tags?post=239"}],"curies":[{"name":"wp","href":"https:\/\/api.w.org\/{rel}","templated":true}]}}