{"id":2365,"date":"2023-02-14T07:18:11","date_gmt":"2023-02-14T10:18:11","guid":{"rendered":"https:\/\/blogs.correiobraziliense.com.br\/eixocapital\/?p=2365"},"modified":"2023-02-14T07:18:11","modified_gmt":"2023-02-14T10:18:11","slug":"deputados-definem-rumos-da-cpi-dos-atos-antidemocraticos-nesta-terca-feira","status":"publish","type":"post","link":"https:\/\/blogs.correiobraziliense.com.br\/eixocapital\/2023\/02\/14\/deputados-definem-rumos-da-cpi-dos-atos-antidemocraticos-nesta-terca-feira\/","title":{"rendered":"Deputados definem rumos da CPI dos Atos Antidemocr\u00e1ticos nesta ter\u00e7a-feira"},"content":{"rendered":"<p><strong>Coluna Eixo Capital, por Ana Maria Campos<\/strong><\/p>\n<p>A CPI dos Atos Antidemocr\u00e1ticos far\u00e1 hoje (14\/2) sua primeira sess\u00e3o com delibera\u00e7\u00f5es referentes aos rumos da investiga\u00e7\u00e3o sobre o vandalismo nos dias 12 de dezembro, na \u00e1rea central de Bras\u00edlia, e 8 de janeiro, quando houve a invas\u00e3o do Pal\u00e1cio do Planalto, Congresso e STF. Na pauta, convoca\u00e7\u00f5es de oficiais da Pol\u00edcia Militar do DF, do ex-secret\u00e1rio de Seguran\u00e7a Anderson Torres e de todo o cronograma da apura\u00e7\u00e3o. Ser\u00e1 um dia decisivo para que seja definido o rumo da CPI.<\/p>\n<h3>Festa petit comit\u00e9<\/h3>\n<p>No fim de semana, a primeira-dama do DF, Mayara Noronha Rocha, comemorou na mans\u00e3o do casal no Lago Sul o anivers\u00e1rio de 35 anos, ao lado do governador afastado Ibaneis Rocha (MDB), do filho Mateus e de v\u00e1rias amigas. Teve carnaval com apresenta\u00e7\u00e3o da cantora Adriana Samartini e fogos de artif\u00edcio de baixo ru\u00eddo. Ao postar fotos da festa, Mayara disse que o ano &#8220;come\u00e7ou um pouco diferente dos demais&#8221;, mas &#8220;cada decep\u00e7\u00e3o ou gosto amargo trouxeram tamb\u00e9m a necessidade de uma boa lembran\u00e7a&#8221;. Foi uma festa para as amigas mais \u00edntimas. Ningu\u00e9m do GDF foi convidado, nem mesmo a governadora em exerc\u00edcio, Celina Le\u00e3o (PP).<\/p>\n<p><strong>Carnaval paz e amor<br \/>\n<\/strong>A governadora em exerc\u00edcio Celina Le\u00e3o (PP) est\u00e1 monitorando pessoalmente todos os preparativos para o carnaval. Depois da crise de 8 de janeiro, h\u00e1 um esfor\u00e7o maior do que em outros anos para que o DF tenha uma festa sem viol\u00eancia. A expectativa \u00e9 que 1,5 milh\u00e3o de pessoas saiam \u00e0s ruas para curtir o carnaval. &#8220;Fizemos uma campanha com os blocos. Quer divertir? \u00c9 paz e amor, na alegria, na democracia, na diversidade. O foco central \u00e9 paz&#8221;, disse Celina \u00e0 coluna.<\/p>\n<p><strong>Frente em Defesa do Piso da Enfermagem<br \/>\n<\/strong>A C\u00e2mara Legislativa lan\u00e7ou ontem a Frente Parlamentar em Defesa do Piso Nacional da Enfermagem. Autora da iniciativa, a deputada Dayse Amarilio (PSB), foi presidente do Sindicato dos Enfermeiros do DF. A frente conta com 11 deputados distritais. Hoje ser\u00e1 realizado o ato nacional em defesa do piso.<\/p>\n<p><strong>Empregos<br \/>\n<\/strong>O governo do DF acredita que o carnaval 2023 vai gerar nos dias de festa 5,6 mil empregos diretos e outros 17 mil indiretos.<\/p>\n<p><strong>Siga o dinheiro<br \/>\n<\/strong>R$ 10 milh\u00f5es &#8211;\u00a0\u00c9 quanto o Governo do Distrito Federal vai destinar para a realiza\u00e7\u00e3o do carnaval deste ano. S\u00f3 com recursos do Fundo de Apoio \u00e0 Cultura do DF, o FAC, foram quase R$ 5 milh\u00f5es direcionados a 34 blocos locais. Outros R$ 2,8 milh\u00f5es s\u00e3o oriundos de emendas parlamentares, que v\u00e3o fomentar 84 iniciativas carnavalescas em regi\u00f5es como Cruzeiro, Planaltina e Brazl\u00e2ndia.<\/p>\n","protected":false},"excerpt":{"rendered":"<p>A CPI dos Atos Antidemocr\u00e1ticos far\u00e1 a primeira sess\u00e3o sobre os rumos da investiga\u00e7\u00e3o sobre o vandalismo nos dias 12 de dezembro e 8 de janeiro<\/p>\n","protected":false},"author":9,"featured_media":2366,"comment_status":"open","ping_status":"open","sticky":false,"template":"","format":"standard","meta":{"footnotes":""},"categories":[247],"tags":[70,728,329,364,723,727],"class_list":["post-2365","post","type-post","status-publish","format-standard","has-post-thumbnail","hentry","category-eixo-capital","tag-camara-legislativa","tag-carnaval-2023","tag-celina-leao","tag-cldf","tag-cpi-dos-atos-antidemocraticos","tag-enfermagem"],"_links":{"self":[{"href":"https:\/\/blogs.correiobraziliense.com.br\/eixocapital\/wp-json\/wp\/v2\/posts\/2365","targetHints":{"allow":["GET"]}}],"collection":[{"href":"https:\/\/blogs.correiobraziliense.com.br\/eixocapital\/wp-json\/wp\/v2\/posts"}],"about":[{"href":"https:\/\/blogs.correiobraziliense.com.br\/eixocapital\/wp-json\/wp\/v2\/types\/post"}],"author":[{"embeddable":true,"href":"https:\/\/blogs.correiobraziliense.com.br\/eixocapital\/wp-json\/wp\/v2\/users\/9"}],"replies":[{"embeddable":true,"href":"https:\/\/blogs.correiobraziliense.com.br\/eixocapital\/wp-json\/wp\/v2\/comments?post=2365"}],"version-history":[{"count":1,"href":"https:\/\/blogs.correiobraziliense.com.br\/eixocapital\/wp-json\/wp\/v2\/posts\/2365\/revisions"}],"predecessor-version":[{"id":2367,"href":"https:\/\/blogs.correiobraziliense.com.br\/eixocapital\/wp-json\/wp\/v2\/posts\/2365\/revisions\/2367"}],"wp:featuredmedia":[{"embeddable":true,"href":"https:\/\/blogs.correiobraziliense.com.br\/eixocapital\/wp-json\/wp\/v2\/media\/2366"}],"wp:attachment":[{"href":"https:\/\/blogs.correiobraziliense.com.br\/eixocapital\/wp-json\/wp\/v2\/media?parent=2365"}],"wp:term":[{"taxonomy":"category","embeddable":true,"href":"https:\/\/blogs.correiobraziliense.com.br\/eixocapital\/wp-json\/wp\/v2\/categories?post=2365"},{"taxonomy":"post_tag","embeddable":true,"href":"https:\/\/blogs.correiobraziliense.com.br\/eixocapital\/wp-json\/wp\/v2\/tags?post=2365"}],"curies":[{"name":"wp","href":"https:\/\/api.w.org\/{rel}","templated":true}]}}