{"id":2358,"date":"2023-02-12T08:42:48","date_gmt":"2023-02-12T11:42:48","guid":{"rendered":"https:\/\/blogs.correiobraziliense.com.br\/eixocapital\/?p=2358"},"modified":"2023-02-12T08:42:48","modified_gmt":"2023-02-12T11:42:48","slug":"pt-faz-43-anos-em-reconstrucao","status":"publish","type":"post","link":"https:\/\/blogs.correiobraziliense.com.br\/eixocapital\/2023\/02\/12\/pt-faz-43-anos-em-reconstrucao\/","title":{"rendered":"PT faz 43 anos em reconstru\u00e7\u00e3o"},"content":{"rendered":"<p><strong>Coluna Eixo Capital, por\u00a0 Ana Maria Campos<\/strong><\/p>\n<p>Depois de muitas adversidades nos \u00faltimos anos, o PT-DF estava literalmente em clima de festa na \u00faltima sexta-feira, quando celebrou, em v\u00e1rios eventos ao longo do dia, 43 anos de exist\u00eancia. O partido que j\u00e1 elegeu dois governadores em Bras\u00edlia, Cristovam Buarque e Agnelo Queiroz, enfrentou bombardeios por den\u00fancias no est\u00e1dio Man\u00e9 Garrincha, no Centro Administrativo de Taguatinga (Centrad), o impeachment de Dilma Rousseff, com muitas a\u00e7\u00f5es e condena\u00e7\u00f5es da Opera\u00e7\u00e3o Lava-Jato, a pris\u00e3o de Lula por 535 dias, e sucessivas derrotas nas urnas, com Fernando Haddad na Presid\u00eancia e nas \u00faltimas tr\u00eas disputas ao Pal\u00e1cio do Buriti. Mas o momento \u00e9 de reconstru\u00e7\u00e3o. A derrota de Jair Bolsonaro, a derrocada da Lava-Jato e o terceiro governo de Lula abrem caminho para uma nova fase do partido que perdeu no DF para o bolsonarismo em 2018 e 2022.<\/p>\n<p><strong>Homenagem aos ex-presidentes<\/strong><br \/>\nNa festa do PT-DF, no Teatro dos Banc\u00e1rios, ex-presidentes foram homenageados. Estavam l\u00e1 Chico Morbeck, H\u00e9lio Doyle, Orlando Cariello, \u00c9rika Kokay, Chico Vigilante, Roberto Policarpo e Jacy Afonso. Tamb\u00e9m ex-presidente do PT-DF, o professor Luiz Bas\u00edlio Rossi, que morreu em janeiro, foi representado pela filha Maria Silvia Rossi.<\/p>\n<p><strong>Embate local<\/strong><br \/>\nO ex-deputado Geraldo Magela foi presidente do PT-DF quando Cristovam Buarque assumiu o governo do DF em 1995. Mas n\u00e3o participou da festa no Teatro dos Banc\u00e1rios. Magela est\u00e1 convocando para a festa nacional amanh\u00e3 no Centro de Conven\u00e7\u00f5es Ulysses Guimar\u00e3es. O petista at\u00e9 hoje n\u00e3o engoliu o recuo no convite para a vice-presid\u00eancia da Caixa Econ\u00f4mica Federal e atribuiu publicamente a um veto dos companheiros de partido no DF, que negam essa vers\u00e3o.<\/p>\n<p><strong>De volta<\/strong><br \/>\nNo evento, houve o an\u00fancio de que o jornalista Armando Rollemberg vai voltar ao partido. Irm\u00e3o do ex-governador Rodrigo Rollemberg (PSB), ele \u00e9 um dos fundadores do PT.<\/p>\n<p><strong>Lula presente<\/strong><br \/>\nNa festa de anivers\u00e1rio do PT amanh\u00e3, no Centro de Conven\u00e7\u00f5es Ulysses Guimar\u00e3es, est\u00e1 prevista a presen\u00e7a do presidente Lula.<\/p>\n<h3><strong>A pergunta que n\u00e3o quer calar<\/strong><\/h3>\n<p>O governador afastado Ibaneis Rocha vai voltar ao exerc\u00edcio do cargo antes do prazo estabelecido de 90 dias pelo STF?<\/p>\n<p><strong>Inacredit\u00e1vel<\/strong><br \/>\nUma das conversas periciadas no telefone do delegado Fernando Oliveira, respons\u00e1vel pelo comando das for\u00e7as de seguran\u00e7a no dia 8 de janeiro, mostra a rea\u00e7\u00e3o do ent\u00e3o secret\u00e1rio de Seguran\u00e7a P\u00fablica do DF, Anderson Torres, que estava na Fl\u00f3rida. O di\u00e1logo ocorreu no dia seguinte \u00e0s invas\u00f5es, \u00e0s 23h27, quando a interven\u00e7\u00e3o federal na seguran\u00e7a p\u00fablica estava decretada, o governador Ibaneis Rocha havia sido afastado por 90 dias, e as pris\u00f5es preventivas de Anderson e do ent\u00e3o comandante-geral da PM, coronel F\u00e1bio Augusto Vieira, j\u00e1 estavam sendo avaliadas pelo ministro Alexandre de Moraes, do STF. Anderson diz: \u201cDif\u00edcil. Inacredit\u00e1vel o que estamos passando\u201d. Fernando responde que o chefe precisa cuidar da sa\u00fade. A essa altura, os dois delegados j\u00e1 estavam exonerados dos respectivos cargos.<\/p>\n<p><strong>Sem responsabilidade<\/strong><br \/>\nComo ocorreu com o governador afastado Ibaneis Rocha, o relat\u00f3rio de an\u00e1lise da Pol\u00edcia Federal sobre o telefone do ex-secret\u00e1rio-executivo da Secretaria de Seguran\u00e7a P\u00fablica Fernando Oliveira apontou que o respons\u00e1vel pela pasta no dia das invas\u00f5es dos pr\u00e9dios dos Tr\u00eas Poderes n\u00e3o agiu para facilitar a vida dos v\u00e2ndalos. E, segundo a PF, tentou agir de &#8220;forma ativa&#8221; para impedir a destrui\u00e7\u00e3o que ocorreu.<\/p>\n<p><strong>Espa\u00e7o para a direita<\/strong><br \/>\nO deputado distrital Thiago Manzoni (PL) lan\u00e7ou na \u00faltima sexta-feira o primeiro epis\u00f3dio do podcast <em>A direita em todas as dire\u00e7\u00f5es<\/em>. A ideia \u00e9 dar voz aos principais expoentes do meio conservador e pol\u00edtico do Brasil. Os epis\u00f3dios ser\u00e3o transmitidos pela plataforma YouTube no canal Thiago.Manzoni e pequenos cortes ser\u00e3o disponibilizados, semanalmente, nas redes sociais do deputado. No primeiro epis\u00f3dio, Manzoni entrevistou a comentarista pol\u00edtica Zoe Mart\u00ednez, demitida recentemente da R\u00e1dio Jovem Pan. A cubana falou sobre o seu passado, comentando e analisando os principais fatos ocorridos nas \u00faltimas semanas na pol\u00edtica nacional.<\/p>\n<p><strong>Valorizando o carnaval<\/strong><br \/>\nEstreando no Senado, a senadora Teresa Leit\u00e3o (PT\/ PE) apresentou projeto de lei que concede ao carnaval de Pernambuco reconhecimento como manifesta\u00e7\u00e3o de cultura nacional. A ideia \u00e9 valorizar os festejos populares e tradicionais da cultura local e de repercuss\u00e3o nacional. Esse \u00e9 o primeiro projeto da primeira mulher a representar o estado no Senado. Foi protocolado na quinta-feira, data em que se comemora o Dia do Frevo em Pernambuco. \u201c\u00c9 um projeto simples, mas carregado de simbolismo e de muita afetividade\u201d, afirma a senadora.<\/p>\n<p><strong>S\u00f3 papos<\/strong><\/p>\n<blockquote><p>&#8221;A gente teve l\u00e1 na Bahia, \u00e9 um Haiti assim, n\u00e3o tem explica\u00e7\u00e3o. \u00c9 uma pobreza, \u00e9 tudo pichado, \u00e9 sujo. E \u00e9 uma \u00e1rea tur\u00edstica. A gente fica imaginando onde n\u00e3o \u00e9\u201d<br \/>\n<em>Deputado federal Maur\u00edcio Marcon (Podemos-RS)<\/em><\/p>\n<p>\u201cCaro Deputado Marcon: instrua-se, eduque-se, retenha essa baba of\u00eddico-pe\u00e7onhenta que emana da tua boca, seiva da viol\u00eancia que grassa em nosso pa\u00eds. Conhe\u00e7a direito a Bahia, o seu peso hist\u00f3rico, a sua estupenda arte, as suas magn\u00edficas igrejas e a sua gigantesca e decisiva contribui\u00e7\u00e3o para a forma\u00e7\u00e3o da nacionalidade brasileira\u201d<br \/>\n<em>Ministro aposentado Joaquim Barbosa, ex-presidente do STF<\/em><\/p><\/blockquote>\n<p><strong>Mandou bem<\/strong><br \/>\nA Embaixada da Su\u00ed\u00e7a se ofereceu para intermediar o conserto do rel\u00f3gio do s\u00e9culo 17, feito pelo famoso relojoeiro franc\u00eas Balthazar Martinot, que foi destru\u00eddo no Pal\u00e1cio do Planalto, durante os atos golpistas de 8 de janeiro. O rel\u00f3gio \u00e9 uma raridade. Apenas dois exemplares resistiram ao tempo. O outro \u00e9 mantido no Pal\u00e1cio de Versalhes, em Paris.<\/p>\n<p><strong>Mandou mal<\/strong><br \/>\nAs for\u00e7as de seguran\u00e7a do DF, que deveriam agir para defender os pr\u00e9dios da Pra\u00e7a dos Tr\u00eas Poderes, subestimaram a agressividade dos golpistas instalados no acampamento em frente ao QG do Ex\u00e9rcito e os manifestantes que chegaram a Bras\u00edlia em mais de cem \u00f4nibus e que acabaram depredando violentamente o Pal\u00e1cio do Planalto, o Congresso e o STF.<\/p>\n<p><strong>Enquanto isso&#8230; Na sala de Justi\u00e7a<\/strong><br \/>\nDepois que o STF formou maioria para derrubar lei de Rond\u00f4nia que proibia o uso de linguagem neutra nas escolas e em documentos p\u00fablicos, sob o fundamento de tratar-se de mat\u00e9ria de compet\u00eancia da Uni\u00e3o, o deputado federal Kim Kataguiri (Uni\u00e3o-SP) apresentou projeto de lei com esse mesmo tema. Agora para tentar aprovar em \u00e2mbito federal. \u201cO Estado deve usar e ensinar \u00e0s nossas crian\u00e7as a forma correta da l\u00edngua portuguesa, e n\u00e3o aberra\u00e7\u00f5es ideol\u00f3gicas\u201d, afirma. A linguagem neutra foi adotada em eventos do governo Lula como fator de inclus\u00e3o \u00e0 diversidade, muito incentivado pela primeira-dama, Janja Lula da Silva, e representa uma queda de bra\u00e7o entre esquerda e direita.<\/p>\n","protected":false},"excerpt":{"rendered":"<p>Depois de muitas adversidades nos \u00faltimos anos, o PT-DF estava literalmente em clima de festa na \u00faltima sexta-feira, quando celebrou 43 anos de exist\u00eancia<\/p>\n","protected":false},"author":9,"featured_media":2359,"comment_status":"open","ping_status":"open","sticky":false,"template":"","format":"standard","meta":{"footnotes":""},"categories":[247],"tags":[263,53,76],"class_list":["post-2358","post","type-post","status-publish","format-standard","has-post-thumbnail","hentry","category-eixo-capital","tag-carnaval","tag-ibaneis-rocha","tag-pt"],"_links":{"self":[{"href":"https:\/\/blogs.correiobraziliense.com.br\/eixocapital\/wp-json\/wp\/v2\/posts\/2358","targetHints":{"allow":["GET"]}}],"collection":[{"href":"https:\/\/blogs.correiobraziliense.com.br\/eixocapital\/wp-json\/wp\/v2\/posts"}],"about":[{"href":"https:\/\/blogs.correiobraziliense.com.br\/eixocapital\/wp-json\/wp\/v2\/types\/post"}],"author":[{"embeddable":true,"href":"https:\/\/blogs.correiobraziliense.com.br\/eixocapital\/wp-json\/wp\/v2\/users\/9"}],"replies":[{"embeddable":true,"href":"https:\/\/blogs.correiobraziliense.com.br\/eixocapital\/wp-json\/wp\/v2\/comments?post=2358"}],"version-history":[{"count":1,"href":"https:\/\/blogs.correiobraziliense.com.br\/eixocapital\/wp-json\/wp\/v2\/posts\/2358\/revisions"}],"predecessor-version":[{"id":2360,"href":"https:\/\/blogs.correiobraziliense.com.br\/eixocapital\/wp-json\/wp\/v2\/posts\/2358\/revisions\/2360"}],"wp:featuredmedia":[{"embeddable":true,"href":"https:\/\/blogs.correiobraziliense.com.br\/eixocapital\/wp-json\/wp\/v2\/media\/2359"}],"wp:attachment":[{"href":"https:\/\/blogs.correiobraziliense.com.br\/eixocapital\/wp-json\/wp\/v2\/media?parent=2358"}],"wp:term":[{"taxonomy":"category","embeddable":true,"href":"https:\/\/blogs.correiobraziliense.com.br\/eixocapital\/wp-json\/wp\/v2\/categories?post=2358"},{"taxonomy":"post_tag","embeddable":true,"href":"https:\/\/blogs.correiobraziliense.com.br\/eixocapital\/wp-json\/wp\/v2\/tags?post=2358"}],"curies":[{"name":"wp","href":"https:\/\/api.w.org\/{rel}","templated":true}]}}