{"id":2332,"date":"2023-02-02T07:29:29","date_gmt":"2023-02-02T10:29:29","guid":{"rendered":"https:\/\/blogs.correiobraziliense.com.br\/eixocapital\/?p=2332"},"modified":"2023-02-02T07:29:29","modified_gmt":"2023-02-02T10:29:29","slug":"mp-sinaliza-que-deve-apresentar-denuncia-contra-ex-comandante-da-pm","status":"publish","type":"post","link":"https:\/\/blogs.correiobraziliense.com.br\/eixocapital\/2023\/02\/02\/mp-sinaliza-que-deve-apresentar-denuncia-contra-ex-comandante-da-pm\/","title":{"rendered":"MP sinaliza que deve apresentar den\u00fancia contra ex-comandante da PM"},"content":{"rendered":"<p><strong>Coluna Eixo Capital, por Ana Maria Campos<\/strong><\/p>\n<p><a href=\"https:\/\/www.correiobraziliense.com.br\/cidades-df\/2023\/02\/5070500-ministerio-publico-se-manifesta-contra-soltura-de-ex-comandante-da-pmdf.html\"><strong>A manifesta\u00e7\u00e3o da Procuradoria-Geral da Rep\u00fablica no pedido de relaxamento da pris\u00e3o do ex-comandante-geral da Pol\u00edcia Militar do DF<\/strong><\/a>, coronel F\u00e1bio Augusto Vieira, sinaliza que o Minist\u00e9rio P\u00fablico Federal deve denunciar o militar pelos atos de vandalismo, na Pra\u00e7a dos Tr\u00eas Poderes, em 8 de janeiro. Apesar de o relat\u00f3rio final do interventor da seguran\u00e7a p\u00fablica, Ricardo Cappelli, apontar que o oficial se empenhou pessoalmente para impedir as invas\u00f5es e chegou a ser ferido na cabe\u00e7a por um v\u00e2ndalo que lhe arremessou um cone, o subprocurador-geral da Rep\u00fablica Carlos Frederico Santos opinou pela manuten\u00e7\u00e3o da pris\u00e3o preventiva de F\u00e1bio Augusto. O argumento apresentado \u00e9 o que sinaliza uma tend\u00eancia de que a responsabilidade pelo caos ser\u00e1 apontada: &#8220;Ainda que haja necessidade de delimita\u00e7\u00e3o de outras responsabilidades e alguns contornos f\u00e1ticos, h\u00e1 evid\u00eancias de que o requerente sabia, podia e devia ter agido. Com efeito, o requerente ocupava o cargo de Comandante-Geral da Pol\u00edcia Militar e, ainda que busque afastar sua responsabilidade penal, a pr\u00f3pria pe\u00e7a defensiva admite que essa condi\u00e7\u00e3o lhe impunha &#8216;um dever legal de agir para evitar a pr\u00e1tica de crimes&#8217; &#8220;. O subprocurador afirma que o comandante da PM deveria ter tomado provid\u00eancias para refor\u00e7ar o efetivo e impedir o tr\u00e2nsito de manifestantes na Esplanada dos Minist\u00e9rios.<\/p>\n<p><strong>Depoimento marcado<br \/>\n<\/strong>Mesmo destino deve ter o ex-ministro da Justi\u00e7a e ex-secret\u00e1rio de Seguran\u00e7a P\u00fablica Anderson Torres. O depoimento dele est\u00e1 marcado para hoje.<\/p>\n<h3>Refer\u00eancia a Dem\u00f3stenes<\/h3>\n<p>Em seu discurso da abertura dos trabalhos do STF, <a href=\"https:\/\/www.correiobraziliense.com.br\/politica\/2023\/02\/5070785-discurso-de-aras-na-abertura-do-ano-judiciario-e-mal-recebido.html\"><strong>o procurador-geral da Rep\u00fablica, Augusto Aras<\/strong><\/a>, citou o ex-senador e ex-procurador-geral de Justi\u00e7a de Goi\u00e1s Dem\u00f3stenes Torres, que atua na defesa de Anderson Torres. &#8220;N\u00e3o posso deixar de dizer que hoje li, de manh\u00e3 cedo, um artigo do ex-senador Dem\u00f3stenes Torres, falando, basicamente, que na hora da batalha n\u00e3o importa o que vai acontecer, mas quem est\u00e1 ao nosso lado na trincheira&#8221;, discursou Aras.<\/p>\n<p><strong>PO: &#8220;PSD sai fortalecido&#8221;<br \/>\n<\/strong>O empres\u00e1rio Paulo Oct\u00e1vio e o advogado Felipe Belmonte passaram a tarde no Senado acompanhando a articula\u00e7\u00e3o para a elei\u00e7\u00e3o de Rodrigo Pacheco (PSD-MG) como presidente do Senado. Presidente regional do PSD-DF, PO comemorou a vit\u00f3ria do correligion\u00e1rio. &#8220;Nosso partido sai fortalecido. O (Gilberto) Kassab trabalhou bem, como sempre&#8221;, disse. Al\u00e9m da presid\u00eancia, o PSD tem a maior bancada no Senado, com 15 senadores. Pacheco se filiou ao PSD no Memorial JK, no ano passado, e recebeu o broche do partido da neta de Juscelino Kubitschek e mulher de Paulo Oct\u00e1vio, Anna Christina Kubitschek.<\/p>\n<p><strong>Base na PM<br \/>\n<\/strong>Os <a href=\"https:\/\/www.correiobraziliense.com.br\/cidades-df\/2023\/02\/5070647-falta-de-acordo-entre-deputados-sobre-presidencia-adia-eleicao-da-cpi-na-cldf.html\"><strong>governistas tentam emplacar o deputado Hermeto (MDB) como relator da CPI dos Atos Antidemocr\u00e1ticos<\/strong><\/a> na C\u00e2mara Legislativa. Hermeto \u00e9 da Pol\u00edcia Militar, principal foco das investiga\u00e7\u00f5es, e do partido do governador afastado Ibaneis Rocha.<\/p>\n<p><strong>Oposi\u00e7\u00e3o n\u00e3o quer a vice<br \/>\n<\/strong>Criou-se um impasse para a instala\u00e7\u00e3o da CPI dos atos antidemocr\u00e1ticos. Os deputados da oposi\u00e7\u00e3o, Chico Vigilante (PT) e F\u00e1bio F\u00e9lix (PSol), querem um papel de protagonismo nos trabalhos. Exigem a presid\u00eancia ou a relatoria. Mas os governistas, que s\u00e3o maioria, n\u00e3o abrem m\u00e3o e oferecem a vaga de vice. &#8220;A vice \u00e9 basicamente um cargo cartorial, sem poder para ajudar a ditar os rumos da CPI&#8221;, diz F\u00e9lix.<\/p>\n<p><strong>Bancada do DF se re\u00fane para tratar da crise na capital do pa\u00eds<br \/>\n<\/strong>A convite do senador Izalci Lucas, (PSDB-DF), deputados federais, senadores, a governadora em exerc\u00edcio, Celina Le\u00e3o (PP), o presidente da C\u00e2mara Legislativa, Wellington Luiz (MDB), e o novo secret\u00e1rio de Seguran\u00e7a P\u00fablica, Sandro Avelar, v\u00e3o se sentar hoje para tratar da crise no DF, ap\u00f3s os atos de vandalismo e golpismo em 8 de janeiro.<\/p>\n<p><strong>Dino e Sarney trocam gentilezas<br \/>\n<\/strong>Antigos rivais na pol\u00edtica do Maranh\u00e3o, o ministro da Justi\u00e7a e Seguran\u00e7a P\u00fablica, Fl\u00e1vio Dino, e o ex-presidente Jos\u00e9 Sarney sentaram-se lado a lado na sess\u00e3o solene de abertura dos trabalhos do STF ontem. Trocaram gentilezas. A aproxima\u00e7\u00e3o come\u00e7ou no ano passado quando os pol\u00edticos n\u00e3o estavam em campos opostos nas elei\u00e7\u00f5es gra\u00e7as a um aliado comum, o presidente Lula.<\/p>\n<p><strong>Representando os governadores<br \/>\n<\/strong>Na abertura dos trabalhos do STF, Celina Le\u00e3o representou o F\u00f3rum dos Governadores na solenidade. Em pelo menos duas ocasi\u00f5es, foi chamada de governadora e n\u00e3o de governadora em exerc\u00edcio, pela presidente do STF, Rosa Weber, e pelo presidente do Conselho Federal da OAB, Beto Simonetti.<\/p>\n<p><strong>Rollemberg tem parecer favor\u00e1vel do PGR<br \/>\n<\/strong>Em parecer, o procurador-geral da Rep\u00fablica, Augusto Aras, se manifestou a favor da tese defendida pelo PSB sobre as regras para distribui\u00e7\u00e3o de vagas para deputado federal. O tema \u00e9 discutido em a\u00e7\u00e3o que tramita no STF, sob a relatoria do ministro Ricardo Lewandowski. Aras concordou que o terceiro crit\u00e9rio para defini\u00e7\u00e3o de quem se elegeu \u00e9 a m\u00e9dia de votos dos partidos. Se a tese vingar, Rodrigo Rollemberg (PSB) conquistar\u00e1 o mandato que hoje \u00e9 de Gilvan M\u00e1ximo (Republicanos).<\/p>\n<p><strong>Conectadas<br \/>\n<\/strong>Colegas de C\u00e2mara at\u00e9 o ano passado, a governadora em exerc\u00edcio Celina Le\u00e3o (PP) e a deputada distrital Paula Belmonte (Cidadania) se reencontraram ontem na sess\u00e3o de in\u00edcio dos trabalhos da C\u00e2mara Legislativa. Celina aproveitou para lembrar que recentemente a agora distrital postou uma cr\u00edtica a uma a\u00e7\u00e3o do GDF. &#8220;Dias atr\u00e1s vi postagens da deputada Paula Belmonte e fui atr\u00e1s&#8221;, destacou a governadora, que sabe da postura independente da deputada e procurou assim mostrar que est\u00e1 atenta a todo o parlamento, e n\u00e3o apenas \u00e0 sua base.<\/p>\n","protected":false},"excerpt":{"rendered":"<p>A manifesta\u00e7\u00e3o da PGR no pedido de relaxamento da pris\u00e3o de F\u00e1bio Augusto Vieira sinaliza que o MPF deve denunciar o militar pelos atos de vandalismo<\/p>\n","protected":false},"author":9,"featured_media":2333,"comment_status":"open","ping_status":"open","sticky":false,"template":"","format":"standard","meta":{"footnotes":""},"categories":[247],"tags":[721,364,723,706,722,181,85],"class_list":["post-2332","post","type-post","status-publish","format-standard","has-post-thumbnail","hentry","category-eixo-capital","tag-augusto-aras","tag-cldf","tag-cpi-dos-atos-antidemocraticos","tag-fabio-augusto-vieira","tag-hermeto","tag-paulo-octavio","tag-rodrigo-rollemberg"],"_links":{"self":[{"href":"https:\/\/blogs.correiobraziliense.com.br\/eixocapital\/wp-json\/wp\/v2\/posts\/2332","targetHints":{"allow":["GET"]}}],"collection":[{"href":"https:\/\/blogs.correiobraziliense.com.br\/eixocapital\/wp-json\/wp\/v2\/posts"}],"about":[{"href":"https:\/\/blogs.correiobraziliense.com.br\/eixocapital\/wp-json\/wp\/v2\/types\/post"}],"author":[{"embeddable":true,"href":"https:\/\/blogs.correiobraziliense.com.br\/eixocapital\/wp-json\/wp\/v2\/users\/9"}],"replies":[{"embeddable":true,"href":"https:\/\/blogs.correiobraziliense.com.br\/eixocapital\/wp-json\/wp\/v2\/comments?post=2332"}],"version-history":[{"count":1,"href":"https:\/\/blogs.correiobraziliense.com.br\/eixocapital\/wp-json\/wp\/v2\/posts\/2332\/revisions"}],"predecessor-version":[{"id":2334,"href":"https:\/\/blogs.correiobraziliense.com.br\/eixocapital\/wp-json\/wp\/v2\/posts\/2332\/revisions\/2334"}],"wp:featuredmedia":[{"embeddable":true,"href":"https:\/\/blogs.correiobraziliense.com.br\/eixocapital\/wp-json\/wp\/v2\/media\/2333"}],"wp:attachment":[{"href":"https:\/\/blogs.correiobraziliense.com.br\/eixocapital\/wp-json\/wp\/v2\/media?parent=2332"}],"wp:term":[{"taxonomy":"category","embeddable":true,"href":"https:\/\/blogs.correiobraziliense.com.br\/eixocapital\/wp-json\/wp\/v2\/categories?post=2332"},{"taxonomy":"post_tag","embeddable":true,"href":"https:\/\/blogs.correiobraziliense.com.br\/eixocapital\/wp-json\/wp\/v2\/tags?post=2332"}],"curies":[{"name":"wp","href":"https:\/\/api.w.org\/{rel}","templated":true}]}}