{"id":2326,"date":"2023-01-31T07:39:06","date_gmt":"2023-01-31T10:39:06","guid":{"rendered":"https:\/\/blogs.correiobraziliense.com.br\/eixocapital\/?p=2326"},"modified":"2023-01-31T07:39:06","modified_gmt":"2023-01-31T10:39:06","slug":"sandro-avelar-anuncia-criacao-de-novo-batalhao-para-a-pmdf","status":"publish","type":"post","link":"https:\/\/blogs.correiobraziliense.com.br\/eixocapital\/2023\/01\/31\/sandro-avelar-anuncia-criacao-de-novo-batalhao-para-a-pmdf\/","title":{"rendered":"Sandro Avelar anuncia cria\u00e7\u00e3o de novo batalh\u00e3o para a PMDF"},"content":{"rendered":"<p><strong>Coluna Eixo Capital, por Ana Maria Campos<\/strong><\/p>\n<p>No semin\u00e1rio <em>Entre os Eixos do DF<\/em>, promovido ontem pelo <strong>Correio<\/strong>, o secret\u00e1rio de Seguran\u00e7a P\u00fablica, Sandro Avelar, anunciou a cria\u00e7\u00e3o de um novo batalh\u00e3o da Pol\u00edcia Militar para atuar na Esplanada dos Minist\u00e9rios. Sandro disse que a PM falhou em 8 de janeiro e as responsabilidades ser\u00e3o apuradas em seis inqu\u00e9ritos policiais militares. Mas, mesmo assim, considera a corpora\u00e7\u00e3o do DF a melhor do pa\u00eds.<\/p>\n<p><strong>Redu\u00e7\u00e3o do efetivo<br \/>\n<\/strong>Sandro Avelar fez uma observa\u00e7\u00e3o sobre dificuldades do policiamento do DF: a redu\u00e7\u00e3o do efetivo da PM. Em 2013, eram cerca de 16 mil. Hoje, s\u00e3o aproximadamente 10 mil. Houve queda de 37,5%.<\/p>\n<p><strong>Fundo da democracia<br \/>\n<\/strong>A governadora em exerc\u00edcio <a href=\"https:\/\/www.correiobraziliense.com.br\/cidades-df\/2023\/01\/5069977-celina-leao-fundo-constitucional-e-essencial-para-a-nossa-autonomia.html\"><strong>Celina Le\u00e3o (PP) usou a express\u00e3o &#8220;Fundo Constitucional da democracia do Brasil&#8221;<\/strong><\/a>, durante o semin\u00e1rio Entre os Eixos do DF.<\/p>\n<h3><strong>Ajuda do Minist\u00e9rio da Sa\u00fade<\/strong><\/h3>\n<p>A ministra da Sa\u00fade, N\u00edsia Trindade, prometeu distribuir R$ 600 milh\u00f5es entre as unidades para federa\u00e7\u00e3o para que os recursos sejam aplicados em cirurgias eletivas que ficaram bloqueadas por conta das emerg\u00eancias da pandemia. O DF conta com uma fila de 34.418 pacientes aguardando um procedimento. A secret\u00e1ria de Sa\u00fade, Lucilene Flor\u00eancio, diz que essa \u00e9 uma das prioridades da pasta. Ela aguarda, para ajudar a alcan\u00e7ar esse objetivo, a parte do DF no repasse. &#8220;O Minist\u00e9rio da Sa\u00fade vai calcular com base na popula\u00e7\u00e3o de cada unidade da federa\u00e7\u00e3o&#8221;, diz Lucilene.<\/p>\n<p><strong>CPI vai sair<br \/>\n<\/strong>No semin\u00e1rio do <strong>Correio<\/strong>, ontem, o presidente da C\u00e2mara Legislativa, Wellington Luiz (MDB), garantiu que a CPI dos Atos Terroristas sair\u00e1. Todos os deputados j\u00e1 foram indicados: Rob\u00e9rio Negreiros (PSD), Chico Vigilante (PT), F\u00e1bio F\u00e9lix (PSOL), Jaqueline Silva (Agir), Pastor Daniel de Castro (PP), Joaquim Roriz Neto (PL) e Hermeto (MDB).<\/p>\n<p><strong>Grass toma posse hoje<br \/>\n<\/strong>Leandro Grass toma posse, hoje, oficialmente como presidente do Instituto do Patrim\u00f4nio Hist\u00f3rico e Art\u00edstico Nacional (Iphan), com apresenta\u00e7\u00e3o da nova Diretoria Colegiada do Instituto. O evento, na sala Bras\u00edlia do Pal\u00e1cio Itamaraty, contar\u00e1 com a presen\u00e7a do ministro das Rela\u00e7\u00f5es Exteriores, Mauro Vieira, e da ministra da Cultura, Margareth Menezes.<\/p>\n<p><strong>Parceria<br \/>\n<\/strong>O presidente do Iphan, Leandro Grass, e o secret\u00e1rio de Cultura e Economia Criativa do DF, Bartolomeu Rodrigues, j\u00e1 se reuniram para tra\u00e7ar projetos comuns. A elei\u00e7\u00e3o passou e agora \u00e9 hora de trabalhar.<\/p>\n<p><strong>Izalci anuncia voto em Rog\u00e9rio Marinho<br \/>\n<\/strong>O senador Izalci Lucas (PSDB-DF) anunciou ontem que vai votar no futuro senador Rog\u00e9rio Marinho (PL-RN), apoiado pelos bolsonaristas. O atual presidente, Rodrigo Pacheco (PSD-MG), tem o apoio da base do presidente Lula. Assim ter\u00e1 tamb\u00e9m o voto da senadora Leila Barros (PDT-DF), enquanto Damares Alves (Republicanos-DF) segue o mesmo caminho que Izalci. &#8220;Uma das coisas que pode atrapalhar muito o Senado \u00e9 a vincula\u00e7\u00e3o e a depend\u00eancia com o governo&#8221;, diz o tucano, que \u00e9 l\u00edder do PSDB no Senado.<\/p>\n<p><strong>Fim<br \/>\n<\/strong>Acaba hoje a interven\u00e7\u00e3o federal na seguran\u00e7a p\u00fablica do DF.<\/p>\n","protected":false},"excerpt":{"rendered":"<p>Sandro disse que a PM falhou e as responsabilidades ser\u00e3o apuradas em 6 inqu\u00e9ritos policiais militares. Mesmo assim, considera a corpora\u00e7\u00e3o a melhor do pa\u00eds<\/p>\n","protected":false},"author":9,"featured_media":2327,"comment_status":"open","ping_status":"open","sticky":false,"template":"","format":"standard","meta":{"footnotes":""},"categories":[247],"tags":[70,329,719,720,325,539],"class_list":["post-2326","post","type-post","status-publish","format-standard","has-post-thumbnail","hentry","category-eixo-capital","tag-camara-legislativa","tag-celina-leao","tag-entre-os-eixos-do-df","tag-nisia-trindade","tag-pmdf","tag-sandro-avelar"],"_links":{"self":[{"href":"https:\/\/blogs.correiobraziliense.com.br\/eixocapital\/wp-json\/wp\/v2\/posts\/2326","targetHints":{"allow":["GET"]}}],"collection":[{"href":"https:\/\/blogs.correiobraziliense.com.br\/eixocapital\/wp-json\/wp\/v2\/posts"}],"about":[{"href":"https:\/\/blogs.correiobraziliense.com.br\/eixocapital\/wp-json\/wp\/v2\/types\/post"}],"author":[{"embeddable":true,"href":"https:\/\/blogs.correiobraziliense.com.br\/eixocapital\/wp-json\/wp\/v2\/users\/9"}],"replies":[{"embeddable":true,"href":"https:\/\/blogs.correiobraziliense.com.br\/eixocapital\/wp-json\/wp\/v2\/comments?post=2326"}],"version-history":[{"count":1,"href":"https:\/\/blogs.correiobraziliense.com.br\/eixocapital\/wp-json\/wp\/v2\/posts\/2326\/revisions"}],"predecessor-version":[{"id":2328,"href":"https:\/\/blogs.correiobraziliense.com.br\/eixocapital\/wp-json\/wp\/v2\/posts\/2326\/revisions\/2328"}],"wp:featuredmedia":[{"embeddable":true,"href":"https:\/\/blogs.correiobraziliense.com.br\/eixocapital\/wp-json\/wp\/v2\/media\/2327"}],"wp:attachment":[{"href":"https:\/\/blogs.correiobraziliense.com.br\/eixocapital\/wp-json\/wp\/v2\/media?parent=2326"}],"wp:term":[{"taxonomy":"category","embeddable":true,"href":"https:\/\/blogs.correiobraziliense.com.br\/eixocapital\/wp-json\/wp\/v2\/categories?post=2326"},{"taxonomy":"post_tag","embeddable":true,"href":"https:\/\/blogs.correiobraziliense.com.br\/eixocapital\/wp-json\/wp\/v2\/tags?post=2326"}],"curies":[{"name":"wp","href":"https:\/\/api.w.org\/{rel}","templated":true}]}}