{"id":232,"date":"2021-11-11T22:22:06","date_gmt":"2021-11-12T01:22:06","guid":{"rendered":"https:\/\/blogs.correiobraziliense.com.br\/eixocapital\/?p=232"},"modified":"2021-11-11T22:22:06","modified_gmt":"2021-11-12T01:22:06","slug":"comissao-eleitoral-da-oab-df-arquiva-impugnacoes-da-chapa-de-thais-riedel","status":"publish","type":"post","link":"https:\/\/blogs.correiobraziliense.com.br\/eixocapital\/2021\/11\/11\/comissao-eleitoral-da-oab-df-arquiva-impugnacoes-da-chapa-de-thais-riedel\/","title":{"rendered":"Comiss\u00e3o Eleitoral da OAB-DF arquiva impugna\u00e7\u00f5es da chapa de Tha\u00eds Riedel"},"content":{"rendered":"<p>A Comiss\u00e3o Eleitoral da OAB-DF rejeitou, por unanimidade, as impugna\u00e7\u00f5es contra a integrantes da chapa 61 &#8211; Voc\u00ea na Ordem, liderada pela advogada Tha\u00eds Riedel, feitos pela Associa\u00e7\u00e3o Nacional de Advogados Negros e pelo candidato \u00e0 reelei\u00e7\u00e3o D\u00e9lio Lins e Silva Jr.<\/p>\n<p>&nbsp;<\/p>\n<p>As representa\u00e7\u00f5es alegavam que havia tentativa de fraude \u00e0 pol\u00edtica de cotas raciais que destinam 30% das vagas para pessoas pretas e pardas. O problema \u00e9 que os advogados, segundo as impugna\u00e7\u00f5es, n\u00e3o tinham apar\u00eancia de negros ou pardos.<\/p>\n<p>&nbsp;<\/p>\n<p>Depois da decis\u00e3o, os candidatos da chapa Voc\u00ea na Ordem, que se autointitulam \u201cverdes\u201d fizeram uma festa, com discursos de Tha\u00eds Riedel, candidata \u00e0 presid\u00eancia da OAB-DF, e de Juliano Costa Couto, ex-presidente, concorrendo como conselheiro federal.<\/p>\n<p>&nbsp;<\/p>\n<p>&nbsp;<\/p>\n","protected":false},"excerpt":{"rendered":"<p>A Comiss\u00e3o Eleitoral da OAB-DF rejeitou, por unanimidade, as impugna\u00e7\u00f5es contra a integrantes da chapa 61 &#8211; Voc\u00ea na Ordem, liderada pela advogada Tha\u00eds Riedel, feitos pela Associa\u00e7\u00e3o Nacional de Advogados Negros e pelo candidato \u00e0 reelei\u00e7\u00e3o D\u00e9lio Lins e Silva Jr. &nbsp; As representa\u00e7\u00f5es alegavam que havia tentativa de fraude \u00e0 pol\u00edtica de cotas raciais que destinam 30% das [&hellip;]<\/p>\n","protected":false},"author":9,"featured_media":233,"comment_status":"open","ping_status":"open","sticky":false,"template":"","format":"standard","meta":{"footnotes":""},"categories":[1],"tags":[120,81,67,119,66],"class_list":["post-232","post","type-post","status-publish","format-standard","has-post-thumbnail","hentry","category-sem-categoria","tag-cotas","tag-delio-lins-e-silva-junior","tag-eleicao-da-oab-df","tag-juliano-costa-couto","tag-thais-riedel"],"_links":{"self":[{"href":"https:\/\/blogs.correiobraziliense.com.br\/eixocapital\/wp-json\/wp\/v2\/posts\/232","targetHints":{"allow":["GET"]}}],"collection":[{"href":"https:\/\/blogs.correiobraziliense.com.br\/eixocapital\/wp-json\/wp\/v2\/posts"}],"about":[{"href":"https:\/\/blogs.correiobraziliense.com.br\/eixocapital\/wp-json\/wp\/v2\/types\/post"}],"author":[{"embeddable":true,"href":"https:\/\/blogs.correiobraziliense.com.br\/eixocapital\/wp-json\/wp\/v2\/users\/9"}],"replies":[{"embeddable":true,"href":"https:\/\/blogs.correiobraziliense.com.br\/eixocapital\/wp-json\/wp\/v2\/comments?post=232"}],"version-history":[{"count":1,"href":"https:\/\/blogs.correiobraziliense.com.br\/eixocapital\/wp-json\/wp\/v2\/posts\/232\/revisions"}],"predecessor-version":[{"id":234,"href":"https:\/\/blogs.correiobraziliense.com.br\/eixocapital\/wp-json\/wp\/v2\/posts\/232\/revisions\/234"}],"wp:featuredmedia":[{"embeddable":true,"href":"https:\/\/blogs.correiobraziliense.com.br\/eixocapital\/wp-json\/wp\/v2\/media\/233"}],"wp:attachment":[{"href":"https:\/\/blogs.correiobraziliense.com.br\/eixocapital\/wp-json\/wp\/v2\/media?parent=232"}],"wp:term":[{"taxonomy":"category","embeddable":true,"href":"https:\/\/blogs.correiobraziliense.com.br\/eixocapital\/wp-json\/wp\/v2\/categories?post=232"},{"taxonomy":"post_tag","embeddable":true,"href":"https:\/\/blogs.correiobraziliense.com.br\/eixocapital\/wp-json\/wp\/v2\/tags?post=232"}],"curies":[{"name":"wp","href":"https:\/\/api.w.org\/{rel}","templated":true}]}}