{"id":2313,"date":"2023-01-26T07:21:11","date_gmt":"2023-01-26T10:21:11","guid":{"rendered":"https:\/\/blogs.correiobraziliense.com.br\/eixocapital\/?p=2313"},"modified":"2023-01-26T07:21:11","modified_gmt":"2023-01-26T10:21:11","slug":"volta-de-sandro-avelar-nao-deve-trazer-mudancas-nas-forcas-de-seguranca","status":"publish","type":"post","link":"https:\/\/blogs.correiobraziliense.com.br\/eixocapital\/2023\/01\/26\/volta-de-sandro-avelar-nao-deve-trazer-mudancas-nas-forcas-de-seguranca\/","title":{"rendered":"Volta de Sandro Avelar n\u00e3o deve trazer mudan\u00e7as nas for\u00e7as de seguran\u00e7a"},"content":{"rendered":"<p><strong>Coluna Eixo Capital, por Ana Maria Campos<\/strong><\/p>\n<p>O <a href=\"https:\/\/www.correiobraziliense.com.br\/cidades-df\/2023\/01\/5068888-escolha-de-celina-com-aval-de-dino-sandro-avelar-assume-a-ssp-df.html\"><strong>novo secret\u00e1rio de Seguran\u00e7a<\/strong><\/a>, Sandro Avelar, n\u00e3o deve fazer nenhum movimento, em princ\u00edpio, para mudar o comando das for\u00e7as de seguran\u00e7a. Ele tem boas impress\u00f5es do delegado-geral da Pol\u00edcia Civil, Robson C\u00e2ndido, e da comandante-geral do Corpo de Bombeiros, coronel M\u00f4nica de Mesquita Miranda. No caso da Pol\u00edcia Militar, a escolha do coronel Klepter Rosa Gon\u00e7alves partiu do interventor, Ricardo Cappelli. Al\u00e9m disso, a governadora em exerc\u00edcio, Celina Le\u00e3o (PP), deixou claro, ontem (26\/1), ao anunciar o novo secret\u00e1rio: &#8220;O momento \u00e9 de estabilidade&#8221;.<\/p>\n<p><strong>Contribui\u00e7\u00e3o<br \/>\n<\/strong>Sandro Avelar tinha convite para um outro cargo no governo federal e estava propenso a aceitar. Mas o delegado considerou que a Secretaria de Seguran\u00e7a agora seria uma contribui\u00e7\u00e3o para o DF.<\/p>\n<h3>Bancada do DF com Lira<\/h3>\n<p>Cinco deputados federais eleitos da bancada do DF se reuniram ontem com o presidente da C\u00e2mara dos Deputados, Arthur Lira (PP-AL), para declarar apoio \u00e0 reelei\u00e7\u00e3o do parlamentar. Reginaldo Veras (PV), Bia Kicis (PL) e os tr\u00eas parlamentares do Republicanos, Fred Linhares, Gilvan M\u00e1ximo e J\u00falio C\u00e9sar Ribeiro, fecharam com o novo mandato de Lira. Alberto Fraga (PL) n\u00e3o estava, mas tamb\u00e9m vai optar por novo mandato do presidente da C\u00e2mara. O PT fechou apoio a Lira, mas a coluna n\u00e3o conseguiu confirmar o voto da deputada \u00c9rika Kokay (PT). Rafael Prudente (MDB) tamb\u00e9m confirmou que est\u00e1 com Lira, que praticamente n\u00e3o tem advers\u00e1rios, al\u00e9m do PSol, que deve lan\u00e7ar um candidato, o deputado Chico Alencar (RJ).<\/p>\n<p><strong>Sa\u00edda honrosa<br \/>\n<\/strong>Coment\u00e1rio de um pol\u00edtico influente: &#8220;A C\u00e2mara Legislativa precisa achar uma sa\u00edda honrosa para n\u00e3o instalar a CPI dos Atos Antidemocr\u00e1ticos&#8221;.<\/p>\n<p><strong>Pequi na merenda escolar<br \/>\n<\/strong>Baru, pequi, buriti, mangaba, cagaita e cajuzinho do cerrado s\u00e3o exemplos de frutos nativos do cerrado que dever\u00e3o entrar nas merendas oferecidas nas escolas da rede p\u00fablica de ensino do DF. \u00c9 o que prev\u00ea lei, de autoria do ex-distrital Leandro Grass (PV), que entrou em vigor nesta semana, depois de ter sido sancionada pela governadora em exerc\u00edcio, Celina Le\u00e3o (PP). Para a composi\u00e7\u00e3o nutricional da alimenta\u00e7\u00e3o dos estudantes, o texto prev\u00ea prioridade pelo GDF na &#8220;aquisi\u00e7\u00e3o de frutos e produtos nativos do cerrado, bem como de alimentos org\u00e2nicos, diretamente da agricultura familiar, do empreendedor familiar ou de suas organiza\u00e7\u00f5es, dos assentamentos da reforma agr\u00e1ria, das comunidades tradicionais e dos produtores rurais de org\u00e2nicos&#8221;.<\/p>\n","protected":false},"excerpt":{"rendered":"<p>O novo secret\u00e1rio de Seguran\u00e7a, Sandro Avelar, n\u00e3o deve fazer nenhum movimento, em princ\u00edpio, para mudar o comando das for\u00e7as de seguran\u00e7a<\/p>\n","protected":false},"author":9,"featured_media":2314,"comment_status":"open","ping_status":"open","sticky":false,"template":"","format":"standard","meta":{"footnotes":""},"categories":[247],"tags":[715,101,539,158,714],"class_list":["post-2313","post","type-post","status-publish","format-standard","has-post-thumbnail","hentry","category-eixo-capital","tag-arthur-lira","tag-camara-dos-deputados","tag-sandro-avelar","tag-seguranca","tag-ssp"],"_links":{"self":[{"href":"https:\/\/blogs.correiobraziliense.com.br\/eixocapital\/wp-json\/wp\/v2\/posts\/2313","targetHints":{"allow":["GET"]}}],"collection":[{"href":"https:\/\/blogs.correiobraziliense.com.br\/eixocapital\/wp-json\/wp\/v2\/posts"}],"about":[{"href":"https:\/\/blogs.correiobraziliense.com.br\/eixocapital\/wp-json\/wp\/v2\/types\/post"}],"author":[{"embeddable":true,"href":"https:\/\/blogs.correiobraziliense.com.br\/eixocapital\/wp-json\/wp\/v2\/users\/9"}],"replies":[{"embeddable":true,"href":"https:\/\/blogs.correiobraziliense.com.br\/eixocapital\/wp-json\/wp\/v2\/comments?post=2313"}],"version-history":[{"count":1,"href":"https:\/\/blogs.correiobraziliense.com.br\/eixocapital\/wp-json\/wp\/v2\/posts\/2313\/revisions"}],"predecessor-version":[{"id":2315,"href":"https:\/\/blogs.correiobraziliense.com.br\/eixocapital\/wp-json\/wp\/v2\/posts\/2313\/revisions\/2315"}],"wp:featuredmedia":[{"embeddable":true,"href":"https:\/\/blogs.correiobraziliense.com.br\/eixocapital\/wp-json\/wp\/v2\/media\/2314"}],"wp:attachment":[{"href":"https:\/\/blogs.correiobraziliense.com.br\/eixocapital\/wp-json\/wp\/v2\/media?parent=2313"}],"wp:term":[{"taxonomy":"category","embeddable":true,"href":"https:\/\/blogs.correiobraziliense.com.br\/eixocapital\/wp-json\/wp\/v2\/categories?post=2313"},{"taxonomy":"post_tag","embeddable":true,"href":"https:\/\/blogs.correiobraziliense.com.br\/eixocapital\/wp-json\/wp\/v2\/tags?post=2313"}],"curies":[{"name":"wp","href":"https:\/\/api.w.org\/{rel}","templated":true}]}}