{"id":2304,"date":"2023-01-24T07:21:03","date_gmt":"2023-01-24T10:21:03","guid":{"rendered":"https:\/\/blogs.correiobraziliense.com.br\/eixocapital\/?p=2304"},"modified":"2023-01-24T07:21:03","modified_gmt":"2023-01-24T10:21:03","slug":"sandro-avelar-de-volta-a-secretaria-de-seguranca","status":"publish","type":"post","link":"https:\/\/blogs.correiobraziliense.com.br\/eixocapital\/2023\/01\/24\/sandro-avelar-de-volta-a-secretaria-de-seguranca\/","title":{"rendered":"Sandro Avelar de volta \u00e0 Secretaria de Seguran\u00e7a"},"content":{"rendered":"<p><strong>Coluna Eixo Capital, por Ana Maria Campos<\/strong><\/p>\n<p>O delegado da Pol\u00edcia Federal (PF) <a href=\"https:\/\/blogs.correiobraziliense.com.br\/cbpoder\/delegado-sandro-avelar-e-cotado-para-assumir-a-secretaria-de-seguranca-do-df\/\"><strong>Sandro Avelar \u00e9 o nome mais cotado para assumir a Secretaria de Seguran\u00e7a P\u00fablica do Distrito Federal<\/strong><\/a>. Avelar esteve ontem no Pal\u00e1cio do Buriti e conversou com a governadora em exerc\u00edcio Celina Le\u00e3o (PP). Mas Celina disse ao <strong>Correio<\/strong> que uma defini\u00e7\u00e3o s\u00f3 ser\u00e1 anunciada amanh\u00e3. Nesta quarta-feira (25\/1), o interventor da seguran\u00e7a p\u00fablica, Ricardo Cappelli, dever\u00e1 apresentar ao ministro Alexandre de Moraes, do STF, um relat\u00f3rio sobre os atos golpistas de 8 de janeiro. Experiente, Sandro Avelar foi secret\u00e1rio de Seguran\u00e7a do DF no governo de Agnelo Queiroz (PT). Ele tem tamb\u00e9m uma forte liga\u00e7\u00e3o com a Pol\u00edcia Federal. Foi secret\u00e1rio-executivo da PF e presidente da Associa\u00e7\u00e3o Nacional de Delegados de Pol\u00edcia Federal (ADPF). Entre 2018 e 2021, Sandro Avelar foi adido da PF em Londres. Em 2019, chegou a ser cotado para a Secretaria de Seguran\u00e7a do DF. Mas preferiu manter o compromisso com a corpora\u00e7\u00e3o. Uma das qualidades de Sandro Avelar \u00e9 a capacidade de di\u00e1logo e o bom tr\u00e2nsito nas for\u00e7as de seguran\u00e7a. Por isso, \u00e9 considerado um nome capacitado para o momento pol\u00edtico do Distrito Federal.<\/p>\n<h3>Governando<\/h3>\n<p>A governadora em exerc\u00edcio Celina Le\u00e3o (PP) est\u00e1 fazendo o que mais gosta: pol\u00edtica. Tem conversado com deputados, participado de agendas p\u00fablicas e feito discursos. Vai sair mais forte do per\u00edodo em que estar\u00e1 \u00e0 frente do Pal\u00e1cio do Buriti.<\/p>\n<p><strong>Substituta<br \/>\n<\/strong>Lembrando que Celina Le\u00e3o j\u00e1 come\u00e7ou substituindo Ibaneis na diploma\u00e7\u00e3o porque o governador reeleito n\u00e3o p\u00f4de participar por estar com covid-19 na ocasi\u00e3o.<\/p>\n<p><strong>Tiro de canh\u00e3o<br \/>\n<\/strong>Do ex-ministro Anderson Torres: <a href=\"https:\/\/www.correiobraziliense.com.br\/politica\/2023\/01\/5068272-foi-um-tiro-de-canhao-no-peito-diz-torres-em-audiencia-sobre-prisao.html\"><strong>&#8220;Isso foi um tiro de canh\u00e3o no meu peito<\/strong><\/a>, no segundo dia de f\u00e9rias, acontece esse crime horrendo em Bras\u00edlia e esse atentado contra o pa\u00eds e eu fui responsabilizado por isso. Eu jamais daria condi\u00e7\u00f5es de isso ocorrer, eu sou profissional, sou t\u00e9cnico e jamais faria isso&#8221;.<\/p>\n<p><strong>A favor da federaliza\u00e7\u00e3o<br \/>\n<\/strong>O ex-diretor-geral da Pol\u00edcia Civil e ex-deputado Laerte Bessa \u00e9 a favor da federaliza\u00e7\u00e3o da seguran\u00e7a p\u00fablica do DF. &#8220;Nossa seguran\u00e7a s\u00f3 vai prosperar quando sair das garras da pol\u00edtica local&#8221;, disse \u00e0 coluna.<\/p>\n<p><strong>S\u00f3 papos<\/strong><\/p>\n<blockquote><p>&#8220;Se o motivo foi tentativa de pedir a cabe\u00e7a de algum militar, sem que houvesse investiga\u00e7\u00e3o, mostra que o governo realmente quer alimentar uma crise com as For\u00e7as e em particular com o Ex\u00e9rcito. Isso a\u00ed \u00e9 p\u00e9ssimo para o pa\u00eds&#8221;<br \/>\n<em>Senador eleito e ex-vice-presidente da Rep\u00fablica, general Hamilton Mour\u00e3o, em entrevista \u00e0 Folha de S.Paulo<\/em><\/p>\n<p>&#8220;Ora, ora, senhor Hamilton Mour\u00e3o. Poupe-nos da sua hipocrisia, do seu reacionarismo, da sua cegueira deliberada e do seu facciosismo pol\u00edtico! Fatos s\u00e3o fatos! Mais respeito a todos os brasileiros!&#8221;<br \/>\n<em>Ministro aposentado e ex-presidente do STF Joaquim Barbosa<\/em><\/p><\/blockquote>\n","protected":false},"excerpt":{"rendered":"<p>O delegado da Pol\u00edcia Federal (PF) Sandro Avelar \u00e9 o nome mais cotado para assumir a Secretaria de Seguran\u00e7a P\u00fablica do Distrito Federal<\/p>\n","protected":false},"author":9,"featured_media":2305,"comment_status":"open","ping_status":"open","sticky":false,"template":"","format":"standard","meta":{"footnotes":""},"categories":[247],"tags":[34,329,539,673],"class_list":["post-2304","post","type-post","status-publish","format-standard","has-post-thumbnail","hentry","category-eixo-capital","tag-anderson-torres","tag-celina-leao","tag-sandro-avelar","tag-secretaria-de-seguranca-publica"],"_links":{"self":[{"href":"https:\/\/blogs.correiobraziliense.com.br\/eixocapital\/wp-json\/wp\/v2\/posts\/2304","targetHints":{"allow":["GET"]}}],"collection":[{"href":"https:\/\/blogs.correiobraziliense.com.br\/eixocapital\/wp-json\/wp\/v2\/posts"}],"about":[{"href":"https:\/\/blogs.correiobraziliense.com.br\/eixocapital\/wp-json\/wp\/v2\/types\/post"}],"author":[{"embeddable":true,"href":"https:\/\/blogs.correiobraziliense.com.br\/eixocapital\/wp-json\/wp\/v2\/users\/9"}],"replies":[{"embeddable":true,"href":"https:\/\/blogs.correiobraziliense.com.br\/eixocapital\/wp-json\/wp\/v2\/comments?post=2304"}],"version-history":[{"count":1,"href":"https:\/\/blogs.correiobraziliense.com.br\/eixocapital\/wp-json\/wp\/v2\/posts\/2304\/revisions"}],"predecessor-version":[{"id":2306,"href":"https:\/\/blogs.correiobraziliense.com.br\/eixocapital\/wp-json\/wp\/v2\/posts\/2304\/revisions\/2306"}],"wp:featuredmedia":[{"embeddable":true,"href":"https:\/\/blogs.correiobraziliense.com.br\/eixocapital\/wp-json\/wp\/v2\/media\/2305"}],"wp:attachment":[{"href":"https:\/\/blogs.correiobraziliense.com.br\/eixocapital\/wp-json\/wp\/v2\/media?parent=2304"}],"wp:term":[{"taxonomy":"category","embeddable":true,"href":"https:\/\/blogs.correiobraziliense.com.br\/eixocapital\/wp-json\/wp\/v2\/categories?post=2304"},{"taxonomy":"post_tag","embeddable":true,"href":"https:\/\/blogs.correiobraziliense.com.br\/eixocapital\/wp-json\/wp\/v2\/tags?post=2304"}],"curies":[{"name":"wp","href":"https:\/\/api.w.org\/{rel}","templated":true}]}}