{"id":2294,"date":"2023-01-20T07:25:56","date_gmt":"2023-01-20T10:25:56","guid":{"rendered":"https:\/\/blogs.correiobraziliense.com.br\/eixocapital\/?p=2294"},"modified":"2023-01-20T07:25:56","modified_gmt":"2023-01-20T10:25:56","slug":"rollemberg-e-celina-juntos-contra-a-federalizacao-da-seguranca-publica","status":"publish","type":"post","link":"https:\/\/blogs.correiobraziliense.com.br\/eixocapital\/2023\/01\/20\/rollemberg-e-celina-juntos-contra-a-federalizacao-da-seguranca-publica\/","title":{"rendered":"Rollemberg e Celina juntos contra a federaliza\u00e7\u00e3o\u00a0da seguran\u00e7a p\u00fablica"},"content":{"rendered":"<p><strong>Coluna Eixo Capital, por Ana Maria Campos<\/strong><\/p>\n<p>A proposta de federalizar a seguran\u00e7a p\u00fablica do DF, que surgiu ap\u00f3s os atos antidemocr\u00e1ticos em 8 de janeiro, acabou provocando um contato entre advers\u00e1rios pol\u00edticos. Apesar das diverg\u00eancias, a governadora em exerc\u00edcio Celina Le\u00e3o (PP) encaminhou uma mensagem para agradecer ao ex-governador Rodrigo Rollemberg (PSB) pela declara\u00e7\u00e3o contra a proposta do senador Alessandro Vieira (PSDB-SE). Segundo publicou a coluna Eixo Capital, Rollemberg foi enf\u00e1tico: &#8220;Federalizar a seguran\u00e7a p\u00fablica do DF contraria a pr\u00f3pria raz\u00e3o de ser do Distrito Federal como capital&#8221;. Na resposta a Celina, o ex-governador disse que sempre que os interesses do Distrito Federal estiverem em jogo ela poder\u00e1 contar com ele. <a href=\"https:\/\/blogs.correiobraziliense.com.br\/eixocapital\/2023\/01\/18\/camara-comeca-procedimentos-para-instalacao-da-cpi-do-terrorismo\/\"><strong>&#8220;Fa\u00e7o pol\u00edtica colocando os interesses da cidade acima de qualquer diverg\u00eancia pol\u00edtica ou pessoal&#8221;, disse Rollemberg \u00e0 coluna<\/strong><\/a>.<\/p>\n<h3>Telefone na m\u00e3o<\/h3>\n<p>Ao contr\u00e1rio do ex-secret\u00e1rio de Seguran\u00e7a Anderson Torres, o ex-secret\u00e1rio-executivo da pasta Fernando de Sousa Oliveira, que estava em Bras\u00edlia no dia do quebra-quebra, entregou \u00e0 Pol\u00edcia Federal (PF) seu celular e as mensagens que manteve com integrantes do governo e das for\u00e7as de seguran\u00e7a. Como Torres, Oliveira \u00e9 delegado da Pol\u00edcia Federal. Ele tomou posse na fun\u00e7\u00e3o quatro dias antes do epis\u00f3dio.<\/p>\n<p><strong>De volta ao cargo<br \/>\n<\/strong>O delegado George Couto, da Pol\u00edcia Civil do DF, era, at\u00e9 a volta de Anderson Torres \u00e0 Secretaria de Seguran\u00e7a, o subsecret\u00e1rio de Intelig\u00eancia da pasta. Estava acostumado com o levantamento de informa\u00e7\u00f5es fundamentais para a tomada de decis\u00f5es na seguran\u00e7a p\u00fablica. Na Pol\u00edcia Civil, o delegado foi diretor do Departamento de Intelig\u00eancia e Gest\u00e3o da Informa\u00e7\u00e3o. Mas foi exonerado da Subsecretaria de Intelig\u00eancia cinco dias antes dos atos terroristas. Com a interven\u00e7\u00e3o federal, ele voltou \u00e0 fun\u00e7\u00e3o.<\/p>\n<p><strong>Um dia para n\u00e3o esquecer<br \/>\n<\/strong>A governadora em exerc\u00edcio, Celina Le\u00e3o (PP), acompanhou do Minist\u00e9rio da Justi\u00e7a, de camarote, o vandalismo no Pal\u00e1cio do Planalto. Estava ao lado do ministro Fl\u00e1vio Dino, do ministro da Defesa, Jos\u00e9 M\u00facio Monteiro, e do ministro das Rela\u00e7\u00f5es Institucionais, Alexandre Padilha. Celina foi chamada quando a confus\u00e3o se instalou na Pra\u00e7a dos Tr\u00eas Poderes. De l\u00e1, buscava informa\u00e7\u00f5es do ent\u00e3o comandante-geral da PM, Coronel F\u00e1bio Augusto Vieira, que estava no olho do furac\u00e3o.<\/p>\n<p><strong>Presidente do TCDF se re\u00fane com interventor<br \/>\n<\/strong>O presidente do Tribunal de Contas do Distrito Federal (TCDF), M\u00e1rcio Michel, se reuniu ontem com o interventor da seguran\u00e7a p\u00fablica no DF, Ricardo Capelli. No encontro, na Secretaria de Seguran\u00e7a P\u00fablica (SSPDF), Michel colocou o TCDF \u00e0 disposi\u00e7\u00e3o para contribuir com a equipe de interven\u00e7\u00e3o. Entre as atribui\u00e7\u00f5es do Tribunal de Contas do DF est\u00e1 a an\u00e1lise tanto os gastos com a seguran\u00e7a p\u00fablica do DF, inclusive as despesas custeadas com o Fundo Constitucional (FCDF), quanto a qualidade dos servi\u00e7os prestados pelas for\u00e7as de seguran\u00e7a, por meio de auditorias de desempenho, inspe\u00e7\u00f5es, monitoramentos e outras fiscaliza\u00e7\u00f5es.<\/p>\n<p><strong>Juntos fora do partido<br \/>\n<\/strong>O ex-governador Jos\u00e9 Roberto Arruda se desfiliou do PL junto com a esposa, Fl\u00e1via Arruda. Um dos caminhos poss\u00edveis da deputada federal que termina o mandato no fim do m\u00eas \u00e9 o PSD.<\/p>\n<p><strong>Prepara\u00e7\u00e3o para 2026<br \/>\n<\/strong>Um grupo pol\u00edtico do PL vai migrar para o MDB, presidido pelo deputado federal Rafael Prudente. Ele quer fortalecer o partido de olho na candidatura ao governo em 2026. Um dos que aceitou convite para migrar para o MDB foi o coordenador pol\u00edtico do PL-DF, Ant\u00f4nio Gomes.<\/p>\n<p><strong>Mutir\u00e3o<br \/>\n<\/strong>No per\u00edodo de 11 a 18 de janeiro, o Tribunal de Justi\u00e7a do Distrito Federal e dos Territ\u00f3rios (TJDFT) e o Tribunal Regional Federal da 1\u00aa Regi\u00e3o (TRF1), realizaram 1.406 audi\u00eancias de cust\u00f3dia, referentes a pessoas presas pelos atos do dia 8 e acampadas junto ao QG do Ex\u00e9rcito Brasileiro, em Bras\u00edlia. O mutir\u00e3o judicial envolveu os ju\u00edzes auxiliares da Presid\u00eancia, Luis Martius Holanda Bezerra J\u00fanior e Caio Brucoli Sembongi, e os ju\u00edzes auxiliares da Corregedoria, Eduardo Henrique Rosas, Fernando Mello Batista da Silva, Clarissa Menezes Vaz Masili, al\u00e9m da atua\u00e7\u00e3o direta de 29 ju\u00edzes, 30 secret\u00e1rios de audi\u00eancia do TJDFT e 25 servidores da Corregedoria da Justi\u00e7a do DF. O TJDFT contou ainda com a colabora\u00e7\u00e3o de 21 membros do Minist\u00e9rio P\u00fablico do Distrito Federal e Territ\u00f3rios, 98 defensores p\u00fablicos do Distrito Federal, al\u00e9m de 143 policiais penais.<\/p>\n","protected":false},"excerpt":{"rendered":"<p>A proposta de federalizar a seguran\u00e7a p\u00fablica do DF, que surgiu ap\u00f3s os atos antidemocr\u00e1ticos, acabou provocando um contato entre advers\u00e1rios pol\u00edticos.<\/p>\n","protected":false},"author":9,"featured_media":2295,"comment_status":"open","ping_status":"open","sticky":false,"template":"","format":"standard","meta":{"footnotes":""},"categories":[247],"tags":[34,329,107,462,378,708,85,659,3,64],"class_list":["post-2294","post","type-post","status-publish","format-standard","has-post-thumbnail","hentry","category-eixo-capital","tag-anderson-torres","tag-celina-leao","tag-flavia-arruda","tag-jose-roberto-arruda","tag-rafael-prudente","tag-ricardo-capelli","tag-rodrigo-rollemberg","tag-seguranca-publica","tag-tcdf","tag-tjdft"],"_links":{"self":[{"href":"https:\/\/blogs.correiobraziliense.com.br\/eixocapital\/wp-json\/wp\/v2\/posts\/2294","targetHints":{"allow":["GET"]}}],"collection":[{"href":"https:\/\/blogs.correiobraziliense.com.br\/eixocapital\/wp-json\/wp\/v2\/posts"}],"about":[{"href":"https:\/\/blogs.correiobraziliense.com.br\/eixocapital\/wp-json\/wp\/v2\/types\/post"}],"author":[{"embeddable":true,"href":"https:\/\/blogs.correiobraziliense.com.br\/eixocapital\/wp-json\/wp\/v2\/users\/9"}],"replies":[{"embeddable":true,"href":"https:\/\/blogs.correiobraziliense.com.br\/eixocapital\/wp-json\/wp\/v2\/comments?post=2294"}],"version-history":[{"count":1,"href":"https:\/\/blogs.correiobraziliense.com.br\/eixocapital\/wp-json\/wp\/v2\/posts\/2294\/revisions"}],"predecessor-version":[{"id":2296,"href":"https:\/\/blogs.correiobraziliense.com.br\/eixocapital\/wp-json\/wp\/v2\/posts\/2294\/revisions\/2296"}],"wp:featuredmedia":[{"embeddable":true,"href":"https:\/\/blogs.correiobraziliense.com.br\/eixocapital\/wp-json\/wp\/v2\/media\/2295"}],"wp:attachment":[{"href":"https:\/\/blogs.correiobraziliense.com.br\/eixocapital\/wp-json\/wp\/v2\/media?parent=2294"}],"wp:term":[{"taxonomy":"category","embeddable":true,"href":"https:\/\/blogs.correiobraziliense.com.br\/eixocapital\/wp-json\/wp\/v2\/categories?post=2294"},{"taxonomy":"post_tag","embeddable":true,"href":"https:\/\/blogs.correiobraziliense.com.br\/eixocapital\/wp-json\/wp\/v2\/tags?post=2294"}],"curies":[{"name":"wp","href":"https:\/\/api.w.org\/{rel}","templated":true}]}}