{"id":2288,"date":"2023-01-18T07:23:46","date_gmt":"2023-01-18T10:23:46","guid":{"rendered":"https:\/\/blogs.correiobraziliense.com.br\/eixocapital\/?p=2288"},"modified":"2023-01-18T07:23:46","modified_gmt":"2023-01-18T10:23:46","slug":"camara-comeca-procedimentos-para-instalacao-da-cpi-do-terrorismo","status":"publish","type":"post","link":"https:\/\/blogs.correiobraziliense.com.br\/eixocapital\/2023\/01\/18\/camara-comeca-procedimentos-para-instalacao-da-cpi-do-terrorismo\/","title":{"rendered":"C\u00e2mara come\u00e7a procedimentos\u00a0para instala\u00e7\u00e3o da CPI do Terrorismo"},"content":{"rendered":"<p><strong>Coluna Eixo Capital, por Ana Maria Campos<\/strong><\/p>\n<p>A C\u00e2mara Legislativa se prepara para come\u00e7ar os trabalhos com uma assunto bomb\u00e1stico: uma <a href=\"https:\/\/www.correiobraziliense.com.br\/cidades-df\/2023\/01\/5066081-cpi-que-vai-investigar-os-atos-terroristas-ocorridos-na-cidade-avanca-na-cldf.html\"><strong>investiga\u00e7\u00e3o sobre os atos golpistas e terroristas em Bras\u00edlia<\/strong><\/a>. O presidente da Casa, Wellington Luiz (MDB), convocou para hoje sess\u00e3o extraordin\u00e1ria, durante o recesso parlamentar, em que ser\u00e1 lido o requerimento para instala\u00e7\u00e3o da Comiss\u00e3o Parlamentar de Inqu\u00e9rito (CPI) para investigar os atos antidemocr\u00e1ticos.<\/p>\n<p><strong>Foco<br \/>\n<\/strong>O foco da CPI ser\u00e3o os eventos ocorridos em 12 de dezembro de 2022, quando \u00f4nibus foram queimados e uma baderna se instalou no centro da capital, inclusive com uma tentativa de invas\u00e3o na sede da Pol\u00edcia Federal (PF), e em 8 de janeiro deste ano, com o quebra-quebra no Pal\u00e1cio do Planalto, Congresso e Supremo Tribunal Federal (STF). Em seguida \u00e9 aberto um prazo de cinco dias para defini\u00e7\u00e3o de assentos por blocos ou partidos e depois mais cinco dias para indica\u00e7\u00e3o dos membros pelos blocos. Depois disso, ser\u00e1 realizada uma sess\u00e3o para instala\u00e7\u00e3o da CPI e escolha da presid\u00eancia e relatoria.<\/p>\n<p><strong>Governistas ser\u00e3o maioria<br \/>\n<\/strong>Pelo acordo entre os deputados, a CPI ter\u00e1 sete membros, sendo dois da oposi\u00e7\u00e3o \u2014 F\u00e1bio F\u00e9lix (Psol) e Chico Vigilante (PT) \u2014 e cinco da base do governo. O deputado Pastor Daniel de Castro (PP) \u00e9 cotado para assumir a presid\u00eancia. Ele \u00e9 do partido da governadora em exerc\u00edcio, Celina Le\u00e3o (PP), e exerceu cargo no primeiro governo de Ibaneis Rocha (MDB). O l\u00edder do governo na C\u00e2mara Legislativa, Rob\u00e9rio Negreiros (PSD), deve ser o relator. Vigilante \u00e9 o nome para a vice-presid\u00eancia.<\/p>\n<h3>Sereno<\/h3>\n<p>Preso h\u00e1 uma semana, <a href=\"https:\/\/www.correiobraziliense.com.br\/politica\/2023\/01\/5066783-ex-comandante-da-pmdf-teve-crises-de-choro-na-prisao.html\"><strong>o ex-comandante-geral da PM F\u00e1bio Augusto Vieira est\u00e1 abatido<\/strong><\/a>, mas sereno, segundo o advogado que o representa, Thiago Turbay. Ele tem colaborado com a defesa, com relatos do que presenciou no campo de batalha da Pra\u00e7a dos Tr\u00eas Poderes, mas n\u00e3o teve acesso a todas as informa\u00e7\u00f5es sobre a opera\u00e7\u00e3o de 8 de janeiro porque foi preso antes do balan\u00e7o final da atua\u00e7\u00e3o da corpora\u00e7\u00e3o. &#8220;Em todas as vezes que estive com ele, o coronel F\u00e1bio n\u00e3o demonstrou nenhum desequil\u00edbrio&#8221;, afirma Turbay. &#8220;\u00c9 \u00f3bvio que, nessa situa\u00e7\u00e3o, est\u00e1 preocupado com os rumos e angustiado, com ansiedade, mas est\u00e1 colaborando com a defesa&#8221;, acrescenta.<\/p>\n<p><strong>Confronto<br \/>\n<\/strong>No confronto com os v\u00e2ndalos, o ex-comandante-geral da PM foi agredido e tomou um golpe com um cone na cabe\u00e7a, al\u00e9m de pedradas, segundo o advogado Thiago Turbay. Muitos terroristas enfrentaram os policiais como em uma guerra.<\/p>\n<p><strong>Carnaval em tempos de terrorismo<br \/>\n<\/strong>O Secret\u00e1rio de Cultura e Economia Criativa, Bartolomeu Rodrigues, est\u00e1 &#8220;seriamente&#8221; preocupado com o carnaval de 2023, que se aproxima em clima de uma cidade ainda chocada com os atos de vandalismo contra o patrim\u00f4nio p\u00fablico. Ele externou isso durante reuni\u00e3o com integrantes do Conselho Comunit\u00e1rio da Asa Sul e, ontem, esteve em reuni\u00e3o na Secretaria de Seguran\u00e7a do DF para come\u00e7ar a tra\u00e7ar um plano estrat\u00e9gico de carnaval seguro. &#8220;O problema \u00e9 que as pessoas querem ir pra rua, brincar. Mas estou com os dois p\u00e9s atr\u00e1s&#8221;, diz Bart\u00f4.<\/p>\n<p><strong>Plano<br \/>\n<\/strong>Nos pr\u00f3ximos dias, Bartolomeu, vai apresentar um plano estrat\u00e9gico para o carnaval ao interventor da seguran\u00e7a, Ricardo Capelli.<\/p>\n<p><strong>Lavagem cerebral<br \/>\n<\/strong>Policiais civis que colheram depoimentos dos presos nos atos de 8 de janeiro ficaram impressionados com muitos relatos. Golpistas que passaram semanas acampados na frente do QG do Ex\u00e9rcito acreditavam em fantasias, como um monitoramento da Nasa, do &#8220;c\u00f3digo-fonte&#8221;, ou de uma invas\u00e3o comunista. Coisa de lavagem cerebral.<\/p>\n<p><strong>A real interven\u00e7\u00e3o na seguran\u00e7a p\u00fablica<br \/>\n<\/strong>O quebra-quebra na Pra\u00e7a dos Tr\u00eas Poderes incentivou debates no Congresso sobre um controle maior da seguran\u00e7a p\u00fablica do DF. \u00c9 aquela m\u00e1xima: quem paga a conta quer escolher a m\u00fasica. O senador Alessandro Vieira (PSDB-SE) apresentou uma Proposta de Emenda Constitucional (PEC) que federaliza a seguran\u00e7a p\u00fablica do Distrito Federal, subordinando-a ao presidente da Rep\u00fablica. Determina tamb\u00e9m que a indica\u00e7\u00e3o dos chefes das pol\u00edcias dever\u00e1 ser submetida \u00e0 avalia\u00e7\u00e3o do Senado. \u00c9 a real interven\u00e7\u00e3o na seguran\u00e7a p\u00fablica do DF.<\/p>\n<p><strong>Rollemberg: &#8220;Imagine se a PMDF estivesse sob o comando de Bolsonaro&#8221;<br \/>\n<\/strong>O ex-governador Rodrigo Rollemberg (PSB) considera a proposta do senador Alessandro Vieira um equ\u00edvoco. &#8220;Enfrentei centenas de manifesta\u00e7\u00f5es na Esplanada, com n\u00famero muito maior de manifestantes, num clima tenso, com manifestantes de posi\u00e7\u00f5es contr\u00e1rias concomitantemente e garantimos a seguran\u00e7a das pessoas e dos tr\u00eas Poderes sem maiores incidentes&#8221;, disse Rollemberg. E acrescentou: &#8220;Federalizar a seguran\u00e7a p\u00fablica do DF contraria a pr\u00f3pria raz\u00e3o de ser do Distrito Federal como capital, al\u00e9m de agredir o princ\u00edpio federativo, e n\u00e3o d\u00e1 nenhuma garantia de maior efetividade. Imaginemos, por exemplo, se a PMDF estivesse nos \u00faltimos anos sob o comando de Jair Bolsonaro. As consequ\u00eancias poderiam ser ainda piores&#8221;.<\/p>\n","protected":false},"excerpt":{"rendered":"<p>A C\u00e2mara Legislativa se prepara para come\u00e7ar os trabalhos com uma assunto bomb\u00e1stico: uma investiga\u00e7\u00e3o sobre os atos golpistas e terroristas em Bras\u00edlia<\/p>\n","protected":false},"author":9,"featured_media":2289,"comment_status":"open","ping_status":"open","sticky":false,"template":"","format":"standard","meta":{"footnotes":""},"categories":[247],"tags":[70,263,705,706,85,644],"class_list":["post-2288","post","type-post","status-publish","format-standard","has-post-thumbnail","hentry","category-eixo-capital","tag-camara-legislativa","tag-carnaval","tag-cpi","tag-fabio-augusto-vieira","tag-rodrigo-rollemberg","tag-wellington-luiz"],"_links":{"self":[{"href":"https:\/\/blogs.correiobraziliense.com.br\/eixocapital\/wp-json\/wp\/v2\/posts\/2288","targetHints":{"allow":["GET"]}}],"collection":[{"href":"https:\/\/blogs.correiobraziliense.com.br\/eixocapital\/wp-json\/wp\/v2\/posts"}],"about":[{"href":"https:\/\/blogs.correiobraziliense.com.br\/eixocapital\/wp-json\/wp\/v2\/types\/post"}],"author":[{"embeddable":true,"href":"https:\/\/blogs.correiobraziliense.com.br\/eixocapital\/wp-json\/wp\/v2\/users\/9"}],"replies":[{"embeddable":true,"href":"https:\/\/blogs.correiobraziliense.com.br\/eixocapital\/wp-json\/wp\/v2\/comments?post=2288"}],"version-history":[{"count":1,"href":"https:\/\/blogs.correiobraziliense.com.br\/eixocapital\/wp-json\/wp\/v2\/posts\/2288\/revisions"}],"predecessor-version":[{"id":2290,"href":"https:\/\/blogs.correiobraziliense.com.br\/eixocapital\/wp-json\/wp\/v2\/posts\/2288\/revisions\/2290"}],"wp:featuredmedia":[{"embeddable":true,"href":"https:\/\/blogs.correiobraziliense.com.br\/eixocapital\/wp-json\/wp\/v2\/media\/2289"}],"wp:attachment":[{"href":"https:\/\/blogs.correiobraziliense.com.br\/eixocapital\/wp-json\/wp\/v2\/media?parent=2288"}],"wp:term":[{"taxonomy":"category","embeddable":true,"href":"https:\/\/blogs.correiobraziliense.com.br\/eixocapital\/wp-json\/wp\/v2\/categories?post=2288"},{"taxonomy":"post_tag","embeddable":true,"href":"https:\/\/blogs.correiobraziliense.com.br\/eixocapital\/wp-json\/wp\/v2\/tags?post=2288"}],"curies":[{"name":"wp","href":"https:\/\/api.w.org\/{rel}","templated":true}]}}