{"id":223,"date":"2021-11-10T14:52:18","date_gmt":"2021-11-10T17:52:18","guid":{"rendered":"https:\/\/blogs.correiobraziliense.com.br\/eixocapital\/?p=223"},"modified":"2021-11-10T14:52:18","modified_gmt":"2021-11-10T17:52:18","slug":"bolsonaro-acerta-filiacao-ao-pl-para-dia-22","status":"publish","type":"post","link":"https:\/\/blogs.correiobraziliense.com.br\/eixocapital\/2021\/11\/10\/bolsonaro-acerta-filiacao-ao-pl-para-dia-22\/","title":{"rendered":"Bolsonaro acerta filia\u00e7\u00e3o ao PL para dia 22"},"content":{"rendered":"<p>O presidente Jair Bolsonaro vai se filiar ao PL em 22 de novembro, em Bras\u00edlia. Os detalhes est\u00e3o sendo definidos pelo presidente nacional do PL, Valdemar Costa Neto, que acertou hoje (10) a data do evento.<\/p>\n<p>&nbsp;<\/p>\n<p>Ser\u00e1 uma festa com tom de lan\u00e7amento da candidatura de Bolsonaro \u00e0 reelei\u00e7\u00e3o, como foi hoje a filia\u00e7\u00e3o de S\u00e9rgio Moro ao Podemos. Moro assinou a ficha com discurso de candidato e at\u00e9 lan\u00e7ou sua plataforma de campanha.<\/p>\n<p>&nbsp;<\/p>\n<p>Antes de fechar com o PL, Bolsonaro tentou criar um partido, o Alian\u00e7a Brasil, e conversou com o presidente do PTB, Roberto Jefferson. Mas a pris\u00e3o do petebista atrapalhou esses planos.<\/p>\n<p>&nbsp;<\/p>\n<p>Bolsonaro tamb\u00e9m sinalizou que poderia ir para o PP, presidido pelo ministro-chefe da Casa Civil, Ciro Nogueira.<\/p>\n","protected":false},"excerpt":{"rendered":"<p>O presidente Jair Bolsonaro vai se filiar ao PL em 22 de novembro, em Bras\u00edlia. Os detalhes est\u00e3o sendo definidos pelo presidente nacional do PL, Valdemar Costa Neto, que acertou hoje (10) a data do evento. &nbsp; Ser\u00e1 uma festa com tom de lan\u00e7amento da candidatura de Bolsonaro \u00e0 reelei\u00e7\u00e3o, como foi hoje a filia\u00e7\u00e3o de S\u00e9rgio Moro ao Podemos. [&hellip;]<\/p>\n","protected":false},"author":9,"featured_media":225,"comment_status":"open","ping_status":"open","sticky":false,"template":"","format":"standard","meta":{"footnotes":""},"categories":[1],"tags":[],"class_list":["post-223","post","type-post","status-publish","format-standard","has-post-thumbnail","hentry","category-sem-categoria"],"_links":{"self":[{"href":"https:\/\/blogs.correiobraziliense.com.br\/eixocapital\/wp-json\/wp\/v2\/posts\/223","targetHints":{"allow":["GET"]}}],"collection":[{"href":"https:\/\/blogs.correiobraziliense.com.br\/eixocapital\/wp-json\/wp\/v2\/posts"}],"about":[{"href":"https:\/\/blogs.correiobraziliense.com.br\/eixocapital\/wp-json\/wp\/v2\/types\/post"}],"author":[{"embeddable":true,"href":"https:\/\/blogs.correiobraziliense.com.br\/eixocapital\/wp-json\/wp\/v2\/users\/9"}],"replies":[{"embeddable":true,"href":"https:\/\/blogs.correiobraziliense.com.br\/eixocapital\/wp-json\/wp\/v2\/comments?post=223"}],"version-history":[{"count":1,"href":"https:\/\/blogs.correiobraziliense.com.br\/eixocapital\/wp-json\/wp\/v2\/posts\/223\/revisions"}],"predecessor-version":[{"id":224,"href":"https:\/\/blogs.correiobraziliense.com.br\/eixocapital\/wp-json\/wp\/v2\/posts\/223\/revisions\/224"}],"wp:featuredmedia":[{"embeddable":true,"href":"https:\/\/blogs.correiobraziliense.com.br\/eixocapital\/wp-json\/wp\/v2\/media\/225"}],"wp:attachment":[{"href":"https:\/\/blogs.correiobraziliense.com.br\/eixocapital\/wp-json\/wp\/v2\/media?parent=223"}],"wp:term":[{"taxonomy":"category","embeddable":true,"href":"https:\/\/blogs.correiobraziliense.com.br\/eixocapital\/wp-json\/wp\/v2\/categories?post=223"},{"taxonomy":"post_tag","embeddable":true,"href":"https:\/\/blogs.correiobraziliense.com.br\/eixocapital\/wp-json\/wp\/v2\/tags?post=223"}],"curies":[{"name":"wp","href":"https:\/\/api.w.org\/{rel}","templated":true}]}}