{"id":2171,"date":"2022-12-16T07:29:03","date_gmt":"2022-12-16T10:29:03","guid":{"rendered":"https:\/\/blogs.correiobraziliense.com.br\/eixocapital\/?p=2171"},"modified":"2022-12-16T07:29:03","modified_gmt":"2022-12-16T10:29:03","slug":"emenda-mercadante-tera-dois-votos-contra-no-df","status":"publish","type":"post","link":"https:\/\/blogs.correiobraziliense.com.br\/eixocapital\/2022\/12\/16\/emenda-mercadante-tera-dois-votos-contra-no-df\/","title":{"rendered":"Emenda Mercadante ter\u00e1 dois votos contra\u00a0no DF"},"content":{"rendered":"<p><strong>Coluna Eixo Capital, por Ana Maria Campos<\/strong><\/p>\n<p>Os senadores Izalci Lucas (PSDB-DF) e Jos\u00e9 Ant\u00f4nio Reguffe (Sem partido-DF) anteciparam que v\u00e3o votar contra a chamada &#8220;emenda Mercadante&#8221;. <a href=\"https:\/\/www.correiobraziliense.com.br\/economia\/2022\/12\/5059195-lei-das-estatais-mercado-teme-loteamento-de-cargos.html\"><strong>O projeto modifica o texto da Lei das Estatais<\/strong><\/a>, e facilita indica\u00e7\u00f5es pol\u00edticas a empresas p\u00fablicas ou de capital misto. Para Izalci e Reguffe, a aprova\u00e7\u00e3o da mat\u00e9ria \u00e9 um retrocesso. A C\u00e2mara aprovou o texto, diminuindo de 36 meses para 30 dias o per\u00edodo de quarentena para quem atuou em estrutura decis\u00f3ria de partido pol\u00edtico ou em trabalho vinculado a campanha eleitoral. Isso permitir\u00e1 a posse de Aloizio Mercadante (PT) como presidente do BNDES.<\/p>\n<h3>Interlocu\u00e7\u00e3o com movimentos sociais<\/h3>\n<p>Candidato ao Senado em 2018 e a deputado distrital neste ano pelo PSol, o advogado e auditor federal Marivaldo Pereira vai assumir uma pasta a ser criada no novo governo de Lula. Ele ser\u00e1 secret\u00e1rio de Acesso \u00e0 Justi\u00e7a, \u00f3rg\u00e3o vinculado ao Minist\u00e9rio da Justi\u00e7a e Seguran\u00e7a P\u00fablica. A fun\u00e7\u00e3o ser\u00e1 fazer a interlocu\u00e7\u00e3o do minist\u00e9rio com os movimentos sociais. Marivaldo foi anunciado nesta semana pelo futuro ministro, Fl\u00e1vio Dino.<\/p>\n<p><strong>Rep\u00fadio da PM<br \/>\n<\/strong>A Pol\u00edcia Militar do DF (PMDF) decidiu reagir \u00e0s cr\u00edticas que vem sofrendo pela aus\u00eancia de pris\u00f5es no dia do vandalismo em Bras\u00edlia. Em nota de rep\u00fadio, a corpora\u00e7\u00e3o ressaltou: &#8220;A PMDF atuou de forma t\u00e9cnica, seguindo a doutrina operacional aplicada na corpora\u00e7\u00e3o baseada na legalidade para dispersar os baderneiros, seguindo o uso diferenciado e progressivo da for\u00e7a visando preservar vidas e restabelecendo de forma gradativa a ordem p\u00fablica nos diversos locais afetados&#8221;.<\/p>\n<p><strong>Amor, mas nem tanto<br \/>\n<\/strong>Muita gente diz que a PM de Bras\u00edlia \u00e9 bolsonarista. Mas muitos policiais militares est\u00e3o insatisfeitos h\u00e1 tempos com o presidente que declarava amor \u00e0 corpora\u00e7\u00e3o, mas segurou o reajuste para as for\u00e7as de seguran\u00e7a do DF.<\/p>\n<p><strong>De olho no aux\u00edlio-moradia<br \/>\n<\/strong>Policiais militares reagiram nas redes sociais \u00e0 aprova\u00e7\u00e3o do cr\u00e9dito de R$ 61,7 milh\u00f5es para o aux\u00edlio-moradia de policiais civis em 2023. Com o dinheiro garantido por uma emenda do presidente da C\u00e2mara Legislativa, Rafael Prudente (MDB), falta agora a aprova\u00e7\u00e3o de um projeto de lei que estabele\u00e7a a medida. PMs j\u00e1 recebem o benef\u00edcio, mas consideram que, se policiais civis conquistarem mais esse cr\u00e9dito, surgir\u00e1 uma discrep\u00e2ncia salarial entre as categorias.<\/p>\n<p><strong>Debate sobre crimes violentos contra o patrim\u00f4nio<br \/>\n<\/strong>Enquanto se discute a atua\u00e7\u00e3o da PMDF no dia do vandalismo, a corpora\u00e7\u00e3o realiza, ontem e hoje, o I Congresso sobre Crimes Violentos Contra o Patrim\u00f4nio. O evento ocorre no Audit\u00f3rio do Col\u00e9gio Militar Tiradentes. Policiais civis e militares do DF, profissionais de outras unidades da federa\u00e7\u00e3o, promotores de Justi\u00e7a e especialistas em seguran\u00e7a discutem temas como combate a organiza\u00e7\u00f5es criminosas, planos de defesa e coopera\u00e7\u00e3o.<\/p>\n<p><strong>Contas eleitorais aprovadas com ressalvas<br \/>\n<\/strong>O Tribunal Regional Eleitoral (TRE-DF) aprovou com ressalvas a presta\u00e7\u00e3o de contas eleitoral do governador Ibaneis Rocha (MDB) que se reelegeu no primeiro turno e de Damares Alves (Republicanos) que chega ao Senado. Os placares foram de 4 a 2. Votaram sim os desembargadores Renato Leal Guanabara, Renato Coelho, Robson Barbosa de Azevedo e M\u00e1rio-Zam Belmiro. Os desembargadores Souza Prudente e Demetrius Cavalcanti votaram pela rejei\u00e7\u00e3o das contas dos dois pol\u00edticos. O presidente do TRE-DF, Roberval Belinati, n\u00e3o votou porque ele s\u00f3 entra em caso de empate, para o voto de minerva. Ainda faltam nove presta\u00e7\u00f5es de contas que precisam ser analisadas at\u00e9 a diploma\u00e7\u00e3o, na pr\u00f3xima segunda-feira. Entre as pend\u00eancias, est\u00e1 a aprecia\u00e7\u00e3o do processo sobre a campanha da deputada reeleita \u00c9rika Kokay (PT-DF).<\/p>\n<p><strong>Distritais n\u00e3o reeleitos recebem abrigo de Ibaneis<br \/>\n<\/strong>O governador Ibaneis Rocha (MDB) n\u00e3o vai deixar quase 62 mil votos voando. <a href=\"https:\/\/blogs.correiobraziliense.com.br\/cbpoder\/ibaneis-vai-nomear-agaciel-delmasso-e-abrantes-no-governo\/\"><strong>Ele decidiu nomear tr\u00eas dos quatro distritais mais votados que n\u00e3o conseguiram se reeleger<\/strong><\/a> para cargos no segundo mandato. Com 23.243 votos, Rodrigo Delmasso (Republicanos) comandar\u00e1 a pasta que vai surgir da fus\u00e3o das \u00e1reas de Fam\u00edlia e Juventude. Cl\u00e1udio Abrantes (PSD), que teve 20.254 votos, ser\u00e1 o novo presidente da Companhia de Desenvolvimento Habitacional (Codhab). J\u00e1 Agaciel Maia (PL), que recebeu 17.693 votos, assume a Secretaria de Rela\u00e7\u00f5es Institucionais. Ibaneis tamb\u00e9m atendeu entidades do setor produtivo e os deputados distritais Rob\u00e9rio Negreiros (PSD) e Rafael Prudente (MDB) \u2014 eleito deputado federal \u2014 e fundiu as secretarias de Trabalho e Desenvolvimento Econ\u00f4mico. Como titular, o atual secret\u00e1rio do Trabalho, Thales Mendes.<\/p>\n","protected":false},"excerpt":{"rendered":"<p>Os senadores Izalci Lucas e Reguffe anteciparam que v\u00e3o votar contra a chamada &#8220;emenda Mercadante&#8221;. O projeto modifica o texto da Lei das Estatais<\/p>\n","protected":false},"author":9,"featured_media":2172,"comment_status":"open","ping_status":"open","sticky":false,"template":"","format":"standard","meta":{"footnotes":""},"categories":[247],"tags":[671,672,325,496],"class_list":["post-2171","post","type-post","status-publish","format-standard","has-post-thumbnail","hentry","category-eixo-capital","tag-emenda-mercadante","tag-marivaldo-pereira","tag-pmdf","tag-tre"],"_links":{"self":[{"href":"https:\/\/blogs.correiobraziliense.com.br\/eixocapital\/wp-json\/wp\/v2\/posts\/2171","targetHints":{"allow":["GET"]}}],"collection":[{"href":"https:\/\/blogs.correiobraziliense.com.br\/eixocapital\/wp-json\/wp\/v2\/posts"}],"about":[{"href":"https:\/\/blogs.correiobraziliense.com.br\/eixocapital\/wp-json\/wp\/v2\/types\/post"}],"author":[{"embeddable":true,"href":"https:\/\/blogs.correiobraziliense.com.br\/eixocapital\/wp-json\/wp\/v2\/users\/9"}],"replies":[{"embeddable":true,"href":"https:\/\/blogs.correiobraziliense.com.br\/eixocapital\/wp-json\/wp\/v2\/comments?post=2171"}],"version-history":[{"count":1,"href":"https:\/\/blogs.correiobraziliense.com.br\/eixocapital\/wp-json\/wp\/v2\/posts\/2171\/revisions"}],"predecessor-version":[{"id":2173,"href":"https:\/\/blogs.correiobraziliense.com.br\/eixocapital\/wp-json\/wp\/v2\/posts\/2171\/revisions\/2173"}],"wp:featuredmedia":[{"embeddable":true,"href":"https:\/\/blogs.correiobraziliense.com.br\/eixocapital\/wp-json\/wp\/v2\/media\/2172"}],"wp:attachment":[{"href":"https:\/\/blogs.correiobraziliense.com.br\/eixocapital\/wp-json\/wp\/v2\/media?parent=2171"}],"wp:term":[{"taxonomy":"category","embeddable":true,"href":"https:\/\/blogs.correiobraziliense.com.br\/eixocapital\/wp-json\/wp\/v2\/categories?post=2171"},{"taxonomy":"post_tag","embeddable":true,"href":"https:\/\/blogs.correiobraziliense.com.br\/eixocapital\/wp-json\/wp\/v2\/tags?post=2171"}],"curies":[{"name":"wp","href":"https:\/\/api.w.org\/{rel}","templated":true}]}}