{"id":2168,"date":"2022-12-15T07:46:21","date_gmt":"2022-12-15T10:46:21","guid":{"rendered":"https:\/\/blogs.correiobraziliense.com.br\/eixocapital\/?p=2168"},"modified":"2022-12-15T07:46:21","modified_gmt":"2022-12-15T10:46:21","slug":"marcio-michel-temos-que-trabalhar-com-o-que-temos-para-dar-respostas-a-sociedade","status":"publish","type":"post","link":"https:\/\/blogs.correiobraziliense.com.br\/eixocapital\/2022\/12\/15\/marcio-michel-temos-que-trabalhar-com-o-que-temos-para-dar-respostas-a-sociedade\/","title":{"rendered":"M\u00e1rcio Michel: &#8220;Temos que trabalhar com o que temos para dar respostas \u00e0 sociedade&#8221;"},"content":{"rendered":"<p><strong>\u00c0 queima-roupa \/\/\u00a0M\u00e1rcio Michel, novo presidente do TCDF<\/strong><\/p>\n<p><strong>por Ana Maria Campos<\/strong><\/p>\n<p><strong>Qual \u00e9 o seu principal desafio \u00e0 frente do TCDF?<br \/>\n<\/strong>Ser\u00e1 suceder os presidentes que j\u00e1 passaram.<\/p>\n<p><strong>O senhor j\u00e1 foi delegado da Pol\u00edcia Civil, deputado distrital e agora \u00e9 conselheiro do TCDF. O tr\u00eas pap\u00e9is est\u00e3o relacionados \u00e0 fiscaliza\u00e7\u00e3o<\/strong><br \/>\n<strong>e prote\u00e7\u00e3o da coletividade. Em qual fun\u00e7\u00e3o \u00e9 poss\u00edvel atuar com mais liberdade?<br \/>\n<\/strong>Fui soldado da PMDF, agente e delegado da Pol\u00edcia Civil, mas, sem d\u00favida, o de conselheiro, pois temos autonomia plena. Temos ainda as prerrogativas do Judici\u00e1rio para melhor desenvolver a fun\u00e7\u00e3o fiscalizadora.<\/p>\n<p><strong>Qual fun\u00e7\u00e3o lhe deu mais realiza\u00e7\u00f5es?<br \/>\n<\/strong>S\u00e3o realiza\u00e7\u00f5es diferentes, mas que nos d\u00e3o muito orgulho em termos exercido e estarmos exercendo. S\u00e3o ciclos que se fecharam<br \/>\ncom \u00eaxito. Este que estou \u00e9 uma realiza\u00e7\u00e3o nova e muito satisfat\u00f3ria.<\/p>\n<p><strong>No TCDF faltam instrumentos para punir gestores \u00edmprobos ou incompetentes?<br \/>\n<\/strong>Sim, como em todos os \u00f3rg\u00e3os fiscalizadores, as leis s\u00e3o muito brandas, mas temos que trabalhar com o que temos e fazermos da melhor forma, para dar respostas \u00e0 sociedade.<\/p>\n<p><strong>Como espera marcar a sua gest\u00e3o?<br \/>\n<\/strong>Dar continuidade nas gest\u00f5es anteriores que foram muito boas e investir em tecnologia.<\/p>\n<p><strong>Qual a sua opini\u00e3o sobre os atos de viol\u00eancia e extremismos ocorridos na \u00e1rea central de Bras\u00edlia nesta semana?<br \/>\n<\/strong>A democracia n\u00e3o comporta aquele tipo de atitude e dever\u00e3o serem responsabilizadas na conformidade da lei. Sou plenamente contra os atos.<\/p>\n<p><strong>Acredita no sucesso do governo Lula?<br \/>\n<\/strong>Tenho que acreditar, pois quero o bem do Brasil e, para tanto, precisamos que o presidente, independentemente de ideologia pol\u00edtica, tenha sucesso.<\/p>\n","protected":false},"excerpt":{"rendered":"<p>Em entrevista, \u00a0M\u00e1rcio Michel, novo presidente do TCDF, fala sobre os planos \u00e0 frente da corte de contas e sobre o que espera do governo Lula<\/p>\n","protected":false},"author":9,"featured_media":2169,"comment_status":"open","ping_status":"open","sticky":false,"template":"","format":"standard","meta":{"footnotes":""},"categories":[247],"tags":[90,670,3],"class_list":["post-2168","post","type-post","status-publish","format-standard","has-post-thumbnail","hentry","category-eixo-capital","tag-entrevista","tag-marcio-michel","tag-tcdf"],"_links":{"self":[{"href":"https:\/\/blogs.correiobraziliense.com.br\/eixocapital\/wp-json\/wp\/v2\/posts\/2168","targetHints":{"allow":["GET"]}}],"collection":[{"href":"https:\/\/blogs.correiobraziliense.com.br\/eixocapital\/wp-json\/wp\/v2\/posts"}],"about":[{"href":"https:\/\/blogs.correiobraziliense.com.br\/eixocapital\/wp-json\/wp\/v2\/types\/post"}],"author":[{"embeddable":true,"href":"https:\/\/blogs.correiobraziliense.com.br\/eixocapital\/wp-json\/wp\/v2\/users\/9"}],"replies":[{"embeddable":true,"href":"https:\/\/blogs.correiobraziliense.com.br\/eixocapital\/wp-json\/wp\/v2\/comments?post=2168"}],"version-history":[{"count":1,"href":"https:\/\/blogs.correiobraziliense.com.br\/eixocapital\/wp-json\/wp\/v2\/posts\/2168\/revisions"}],"predecessor-version":[{"id":2170,"href":"https:\/\/blogs.correiobraziliense.com.br\/eixocapital\/wp-json\/wp\/v2\/posts\/2168\/revisions\/2170"}],"wp:featuredmedia":[{"embeddable":true,"href":"https:\/\/blogs.correiobraziliense.com.br\/eixocapital\/wp-json\/wp\/v2\/media\/2169"}],"wp:attachment":[{"href":"https:\/\/blogs.correiobraziliense.com.br\/eixocapital\/wp-json\/wp\/v2\/media?parent=2168"}],"wp:term":[{"taxonomy":"category","embeddable":true,"href":"https:\/\/blogs.correiobraziliense.com.br\/eixocapital\/wp-json\/wp\/v2\/categories?post=2168"},{"taxonomy":"post_tag","embeddable":true,"href":"https:\/\/blogs.correiobraziliense.com.br\/eixocapital\/wp-json\/wp\/v2\/tags?post=2168"}],"curies":[{"name":"wp","href":"https:\/\/api.w.org\/{rel}","templated":true}]}}