{"id":2165,"date":"2022-12-15T07:33:08","date_gmt":"2022-12-15T10:33:08","guid":{"rendered":"https:\/\/blogs.correiobraziliense.com.br\/eixocapital\/?p=2165"},"modified":"2022-12-15T07:33:08","modified_gmt":"2022-12-15T10:33:08","slug":"secretaria-de-esportes-do-df-sai-das-maos-do-pp-e-passa-para-o-republicanos","status":"publish","type":"post","link":"https:\/\/blogs.correiobraziliense.com.br\/eixocapital\/2022\/12\/15\/secretaria-de-esportes-do-df-sai-das-maos-do-pp-e-passa-para-o-republicanos\/","title":{"rendered":"Secretaria de Esportes do DF sai das m\u00e3os do PP e passa para o Republicanos"},"content":{"rendered":"<p><strong>Coluna Eixo Capital, por Ana Maria Campos<\/strong><\/p>\n<p>A Secretaria de Esportes do DF deixa de ser o reduto pol\u00edtico da vice-governadora eleita Celina Le\u00e3o (PP), que tem na pasta uma pessoa de confian\u00e7a, Giselle Ferreira. O gabinete esportivo passa para o controle do Republicanos, com a indica\u00e7\u00e3o do deputado federal J\u00falio C\u00e9sar Ribeiro. Mas Celina tem rela\u00e7\u00e3o pol\u00edtica forte com o partido e com o deputado e mant\u00e9m for\u00e7a na \u00e1rea. J\u00falio C\u00e9sar foi secret\u00e1rio de Esportes no governo Agnelo Queiroz e agora retorna no segundo mandato do governador Ibaneis Rocha (MDB). Mas s\u00f3 depois da vota\u00e7\u00e3o da PEC da Transi\u00e7\u00e3o.<\/p>\n<h3>No apito final<\/h3>\n<p>Aos 45 do segundo tempo, o ex-vice-governador Renato Santana (PP) vai assumir o mandato na C\u00e2mara dos Deputados. Ficar\u00e1 cerca de um m\u00eas, em janeiro, com a posse do deputado J\u00falio C\u00e9sar Ribeiro como secret\u00e1rio de Esportes do DF. &#8220;Quando jogava futebol amador, algumas vezes entrei em campo como titular da posi\u00e7\u00e3o, j\u00e1 ocorreu, no entanto, de entrar pertinho do apito final&#8221;, disse Santana.<\/p>\n<p><strong>Sem prazo de validade<br \/>\n<\/strong>Mas quem ter\u00e1 oportunidade maior \u00e9 Paulo Fernando (Republicanos), primeiro suplente que fica no mandato com a licen\u00e7a de J\u00falio C\u00e9sar, a partir de fevereiro e sem prazo de validade. Cat\u00f3lico, o futuro deputado integra a Comiss\u00e3o de Bio\u00e9tica da Arquidiocese de Bras\u00edlia, da Equipe de M\u00e9todos Naturais, e \u00e9 ativista da organiza\u00e7\u00e3o n\u00e3o-governamental Pr\u00f3-vida, que luta contra o aborto. Na pol\u00edtica, conta com a experi\u00eancia de quem assessorou En\u00e9as Carneiro (Prona) na C\u00e2mara.<\/p>\n<p><strong>Falando para o empres\u00e1rio<br \/>\n<\/strong>O secret\u00e1rio de Governo do DF, Jos\u00e9 Humberto Pires, \u00e9 o convidado de hoje do encontro da Lide, que tem o empres\u00e1rio Paulo Oct\u00e1vio como anfitri\u00e3o. Ele vai participar do debate sobre a transi\u00e7\u00e3o para o segundo mandato do governador Ibaneis Rocha,al\u00e9m das perspectivas e dos projetos para os pr\u00f3ximos anos.<\/p>\n<p><strong>Quase na janela<br \/>\n<\/strong>Andr\u00e9 Clemente chegou h\u00e1 um ano no Tribunal de Contas do DF e foi eleito ontem vice-presidente. Uma fa\u00e7anha. Isso foi poss\u00edvel gra\u00e7as ao acordo entre a Associa\u00e7\u00e3o Nacional dos Auditores e Conselheiros Substitutos dos Tribunais de Contas (Audicon), Judici\u00e1rio, Minist\u00e9rio P\u00fablico, governo do DF e Tribunal de Contas do DF para esquecer a disputa judicial pela vaga do ex-secret\u00e1rio de Economia no TCDF.<\/p>\n<p><strong>Caminho aberto<br \/>\n<\/strong>Ningu\u00e9m tem d\u00favida de que <a href=\"https:\/\/www.correiobraziliense.com.br\/politica\/2022\/12\/5058975-bruno-dantas-assume-presidencia-do-tcu-em-cerimonia-com-lula-moraes-e-guedes.html\"><strong>o novo presidente do Tribunal de Contas da Uni\u00e3o (TCU), Bruno Dantas<\/strong><\/a>, vai longe. A aposta \u00e9 de que chegar\u00e1 ao Supremo Tribunal<br \/>\nFederal (STF).<\/p>\n","protected":false},"excerpt":{"rendered":"<p>A Secretaria de Esportes deixa de ser o reduto pol\u00edtico da vice-governadora eleita Celina Le\u00e3o, que tem na pasta uma pessoa de confian\u00e7a, Giselle Ferreira<\/p>\n","protected":false},"author":9,"featured_media":2166,"comment_status":"open","ping_status":"open","sticky":false,"template":"","format":"standard","meta":{"footnotes":""},"categories":[247],"tags":[669,329,506,668,163,3],"class_list":["post-2165","post","type-post","status-publish","format-standard","has-post-thumbnail","hentry","category-eixo-capital","tag-bruno-dantas","tag-celina-leao","tag-lide","tag-secretaria-de-esportes","tag-stf","tag-tcdf"],"_links":{"self":[{"href":"https:\/\/blogs.correiobraziliense.com.br\/eixocapital\/wp-json\/wp\/v2\/posts\/2165","targetHints":{"allow":["GET"]}}],"collection":[{"href":"https:\/\/blogs.correiobraziliense.com.br\/eixocapital\/wp-json\/wp\/v2\/posts"}],"about":[{"href":"https:\/\/blogs.correiobraziliense.com.br\/eixocapital\/wp-json\/wp\/v2\/types\/post"}],"author":[{"embeddable":true,"href":"https:\/\/blogs.correiobraziliense.com.br\/eixocapital\/wp-json\/wp\/v2\/users\/9"}],"replies":[{"embeddable":true,"href":"https:\/\/blogs.correiobraziliense.com.br\/eixocapital\/wp-json\/wp\/v2\/comments?post=2165"}],"version-history":[{"count":1,"href":"https:\/\/blogs.correiobraziliense.com.br\/eixocapital\/wp-json\/wp\/v2\/posts\/2165\/revisions"}],"predecessor-version":[{"id":2167,"href":"https:\/\/blogs.correiobraziliense.com.br\/eixocapital\/wp-json\/wp\/v2\/posts\/2165\/revisions\/2167"}],"wp:featuredmedia":[{"embeddable":true,"href":"https:\/\/blogs.correiobraziliense.com.br\/eixocapital\/wp-json\/wp\/v2\/media\/2166"}],"wp:attachment":[{"href":"https:\/\/blogs.correiobraziliense.com.br\/eixocapital\/wp-json\/wp\/v2\/media?parent=2165"}],"wp:term":[{"taxonomy":"category","embeddable":true,"href":"https:\/\/blogs.correiobraziliense.com.br\/eixocapital\/wp-json\/wp\/v2\/categories?post=2165"},{"taxonomy":"post_tag","embeddable":true,"href":"https:\/\/blogs.correiobraziliense.com.br\/eixocapital\/wp-json\/wp\/v2\/tags?post=2165"}],"curies":[{"name":"wp","href":"https:\/\/api.w.org\/{rel}","templated":true}]}}