{"id":2162,"date":"2022-12-14T07:19:47","date_gmt":"2022-12-14T10:19:47","guid":{"rendered":"https:\/\/blogs.correiobraziliense.com.br\/eixocapital\/?p=2162"},"modified":"2022-12-14T07:19:47","modified_gmt":"2022-12-14T10:19:47","slug":"petistas-vao-discutir-futuro-da-seguranca-com-ibaneis","status":"publish","type":"post","link":"https:\/\/blogs.correiobraziliense.com.br\/eixocapital\/2022\/12\/14\/petistas-vao-discutir-futuro-da-seguranca-com-ibaneis\/","title":{"rendered":"Petistas v\u00e3o discutir futuro\u00a0da seguran\u00e7a com Ibaneis"},"content":{"rendered":"<p><strong>Coluna Eixo Capital, por Ana Maria Campos<\/strong><\/p>\n<p>A volta do ministro da Justi\u00e7a e Seguran\u00e7a P\u00fablica, Anderson Torres, para a Secretaria de Seguran\u00e7a P\u00fablica do DF tem sido tratada no meio pol\u00edtico como uma possibilidade real. O governador Ibaneis Rocha (MDB) gosta de Anderson e tem um compromisso de campanha com o delegado da Pol\u00edcia Federal que se tornou um dos principais aliados do presidente Jair Bolsonaro (PL). Mas \u00e9 justamente essa proximidade o motivo do entrave. Entre petistas, o controle das for\u00e7as de seguran\u00e7a nas m\u00e3os de um bolsonarista na capital do pa\u00eds \u00e9 visto com preocupa\u00e7\u00e3o. Apesar da confus\u00e3o no centro de Bras\u00edlia na noite de segunda-feira, a confian\u00e7a dos aliados de Lula com o atual secret\u00e1rio de Seguran\u00e7a, J\u00falio Danilo, permanece. Tanto que ele participou de uma entrevista coletiva ao lado do futuro ministro da Justi\u00e7a, Fl\u00e1vio Dino, que vai suceder Anderson Torres, e com o pr\u00f3ximo diretor-geral da Pol\u00edcia Federal, Andrei Passos Rodrigues. Nesta manh\u00e3, a pedido do deputado Chico Vigilante (PT), Ibaneis vai receber a bancada petista para uma conversa sobre o epis\u00f3dio de vandalismo e os riscos para a posse de Lula.<\/p>\n<h3><strong>Compromisso com a democracia<\/strong><\/h3>\n<p>A executiva regional do Cidadania aprovou a divulga\u00e7\u00e3o de uma nota em que cobra do governador uma <a href=\"https:\/\/www.correiobraziliense.com.br\/cidades-df\/2022\/12\/5058768-paula-belmonte-cidadania-repudia-atos-de-vandalismo-ocorridos-no-df.html\"><strong>demonstra\u00e7\u00e3o clara de que n\u00e3o houve omiss\u00e3o ou coniv\u00eancia das for\u00e7as de seguran\u00e7a locais<\/strong><\/a> com o vandalismo na \u00e1rea central de Bras\u00edlia. &#8220;N\u00e3o pode pairar nenhuma sombra de d\u00favida sobre o compromisso do governo local com a normalidade democr\u00e1tica&#8221;, afirmam na nota. O partido \u00e9 presidido no DF pela deputada distrital eleita Paula Belmonte.<\/p>\n<p><strong>Alian\u00e7as de advers\u00e1rios<br \/>\n<\/strong>No DF, uma alian\u00e7a entre o PL e o PT vai garantir a <a href=\"https:\/\/blogs.correiobraziliense.com.br\/cbpoder\/quinze-deputados-fecham-acordo-para-eleger-wellington-luiz-como-presidente-e-ricardo-vale-como-vice-da-camara-legislativa\/\"><strong>vit\u00f3ria do emedebista Wellington Luiz na presid\u00eancia da C\u00e2mara Legislativa<\/strong><\/a>. \u00c9 a uni\u00e3o dos partidos de Lula e Bolsonaro. Nada diferente do que vai ocorrer na C\u00e2mara dos Deputados, onde PL e PT v\u00e3o apoiar a reelei\u00e7\u00e3o de Arthur Lira (PP-AL) para a Presid\u00eancia da Casa.<\/p>\n<p><strong>Matem\u00e1tica pol\u00edtica<br \/>\n<\/strong>Na disputa pelo comando da C\u00e2mara Legislativa, os advers\u00e1rios de Wellington Luiz (MDB) contam 10 aliados. Wellington conta 15, 16, 17\u2026 E contando. Mas a C\u00e2mara s\u00f3 tem 24 deputados. A matem\u00e1tica n\u00e3o fecha.<\/p>\n<p><strong>Fechado<br \/>\n<\/strong>O deputado Daniel Donizet (PL) \u00e9 tido como um voto a favor de Iolando (MDB) para a presid\u00eancia da C\u00e2mara Legislativa. Mas ele disse \u00e0 coluna que est\u00e1 fechado com o seu partido e vai votar como os demais distritais do PL. A presidente do partido, Fl\u00e1via Arruda, anunciou apoio da bancada ao deputado Wellington Luiz (MDB).<\/p>\n<p><strong>Festa de Natal adiada<br \/>\n<\/strong>A confraterniza\u00e7\u00e3o de fim de ano da Pol\u00edcia Civil do DF precisou ser adiada. \u00c9 que o delegado-geral, Robson C\u00e2ndido, testou positivo para covid e est\u00e1 se recuperando em casa. A festa seria nesta semana, mas foi adiada para a pr\u00f3xima ter\u00e7a-feira.<\/p>\n<p><strong>Emo\u00e7\u00e3o<br \/>\n<\/strong>O novo procurador-geral de Justi\u00e7a do DF, Georges Seigneur, tomou posse nessa segunda-feira em evento com a presen\u00e7a de v\u00e1rias autoridades, em cerim\u00f4nia presidida pelo procurador-geral da Rep\u00fablica, Augusto Aras. Seigneur se emocionou quando falou do pai, que j\u00e1 partiu e o incentivou a seguir a carreira no Minist\u00e9rio P\u00fablico.<\/p>\n","protected":false},"excerpt":{"rendered":"<p>A volta do ministro da Justi\u00e7a e Seguran\u00e7a P\u00fablica, Anderson Torres, para a Secretaria de Seguran\u00e7a P\u00fablica do DF tem sido tratada como uma possibilidade<\/p>\n","protected":false},"author":9,"featured_media":2163,"comment_status":"open","ping_status":"open","sticky":false,"template":"","format":"standard","meta":{"footnotes":""},"categories":[247],"tags":[34,70,53,642,139,270,644],"class_list":["post-2162","post","type-post","status-publish","format-standard","has-post-thumbnail","hentry","category-eixo-capital","tag-anderson-torres","tag-camara-legislativa","tag-ibaneis-rocha","tag-iolando","tag-paula-belmonte","tag-pcdf","tag-wellington-luiz"],"_links":{"self":[{"href":"https:\/\/blogs.correiobraziliense.com.br\/eixocapital\/wp-json\/wp\/v2\/posts\/2162","targetHints":{"allow":["GET"]}}],"collection":[{"href":"https:\/\/blogs.correiobraziliense.com.br\/eixocapital\/wp-json\/wp\/v2\/posts"}],"about":[{"href":"https:\/\/blogs.correiobraziliense.com.br\/eixocapital\/wp-json\/wp\/v2\/types\/post"}],"author":[{"embeddable":true,"href":"https:\/\/blogs.correiobraziliense.com.br\/eixocapital\/wp-json\/wp\/v2\/users\/9"}],"replies":[{"embeddable":true,"href":"https:\/\/blogs.correiobraziliense.com.br\/eixocapital\/wp-json\/wp\/v2\/comments?post=2162"}],"version-history":[{"count":1,"href":"https:\/\/blogs.correiobraziliense.com.br\/eixocapital\/wp-json\/wp\/v2\/posts\/2162\/revisions"}],"predecessor-version":[{"id":2164,"href":"https:\/\/blogs.correiobraziliense.com.br\/eixocapital\/wp-json\/wp\/v2\/posts\/2162\/revisions\/2164"}],"wp:featuredmedia":[{"embeddable":true,"href":"https:\/\/blogs.correiobraziliense.com.br\/eixocapital\/wp-json\/wp\/v2\/media\/2163"}],"wp:attachment":[{"href":"https:\/\/blogs.correiobraziliense.com.br\/eixocapital\/wp-json\/wp\/v2\/media?parent=2162"}],"wp:term":[{"taxonomy":"category","embeddable":true,"href":"https:\/\/blogs.correiobraziliense.com.br\/eixocapital\/wp-json\/wp\/v2\/categories?post=2162"},{"taxonomy":"post_tag","embeddable":true,"href":"https:\/\/blogs.correiobraziliense.com.br\/eixocapital\/wp-json\/wp\/v2\/tags?post=2162"}],"curies":[{"name":"wp","href":"https:\/\/api.w.org\/{rel}","templated":true}]}}