{"id":2146,"date":"2022-12-04T13:46:54","date_gmt":"2022-12-04T16:46:54","guid":{"rendered":"https:\/\/blogs.correiobraziliense.com.br\/eixocapital\/?p=2146"},"modified":"2022-12-04T13:46:54","modified_gmt":"2022-12-04T16:46:54","slug":"governo-de-transicao-do-df-conclui-trabalhos-apontando-prioridades","status":"publish","type":"post","link":"https:\/\/blogs.correiobraziliense.com.br\/eixocapital\/2022\/12\/04\/governo-de-transicao-do-df-conclui-trabalhos-apontando-prioridades\/","title":{"rendered":"Governo de transi\u00e7\u00e3o do DF conclui trabalhos apontando prioridades"},"content":{"rendered":"<p><strong>Coluna Eixo Capital, por Samanta Sallum (interina)<\/strong><\/p>\n<p>Os trabalhos do governo de transi\u00e7\u00e3o no Distrito Federal est\u00e3o na reta final. Ser\u00e3o conclu\u00eddos na quarta-feira. Algumas diretrizes foram colocadas como prioridades. &#8220;J\u00e1 queremos, em janeiro, come\u00e7ar as obras do programa Drenar, para acabar com as inunda\u00e7\u00f5es nas Asas Norte e Sul e Taguatinga. O investimento ser\u00e1 de R$ 150 milh\u00f5es s\u00f3 na primeira fase&#8221;, adiantou \u00e0 coluna o coordenador do governo de transi\u00e7\u00e3o e atual secret\u00e1rio Jos\u00e9 Humberto Pires.<\/p>\n<p><strong>Hospitais e casas<br \/>\n<\/strong>A reforma do Teatro Nacional, a constru\u00e7\u00e3o de mais tr\u00eas hospitais e pistas exclusivas para \u00f4nibus est\u00e3o entre os compromissos, al\u00e9m de habita\u00e7\u00e3o para baixa renda.<\/p>\n<blockquote><p>&#8220;A transi\u00e7\u00e3o nos permitiu acelerar os processos, ao mesmo tempo em que cuidamos das exig\u00eancias legais para a contrata\u00e7\u00e3o dos servi\u00e7os&#8221;<br \/>\nJos\u00e9 Humberto Pires<\/p><\/blockquote>\n<h3>Revendedores de combust\u00edveis do pa\u00eds v\u00eam a Bras\u00edlia alertar para aumento de pre\u00e7os<\/h3>\n<p>H\u00e1 previs\u00e3o de aumento de 70 centavos na gasolina e de 33 centavos no diesel no in\u00edcio de janeiro. Isso se deve \u00e0 possibilidade de retorno da cobran\u00e7a dos impostos federais (PIS\/Cofins e Cide) sobre os combust\u00edveis, em patamar anterior \u00e0 Lei Complementar 194\/2022, que tinha zerado os tributos. A vig\u00eancia da lei termina em 31 de dezembro.<\/p>\n<p><strong>Reuni\u00e3o no Senado<br \/>\n<\/strong>Revendedores de combust\u00edvel de todo Brasil estiveram em Bras\u00edlia, na semana passada, para fazer um alerta junto ao governo de transi\u00e7\u00e3o federal. Eles se reuniram tamb\u00e9m com o senador Renan Calheiros (MDB\/AL). Um dos caminhos \u00e9 construir uma MP com o governo federal que prorrogue a lei.<\/p>\n<p><strong>&#8220;Culpa n\u00e3o \u00e9 nossa&#8221;<br \/>\n<\/strong>A Federa\u00e7\u00e3o Nacional do Com\u00e9rcio de Combust\u00edveis e de Lubrificantes (Fecombust\u00edveis) e os 34 sindicatos filiados tamb\u00e9m demonstraram preocupa\u00e7\u00e3o com o retorno da cobran\u00e7a do ICMS com a possibilidade de retirada da lista de produtos essenciais. &#8220;Estamos apreensivos e querendo buscar uma solu\u00e7\u00e3o. Pois o consumidor n\u00e3o vai entender esse aumento e culpar\u00e1 a n\u00f3s, os revendedores, que estamos na ponta&#8221;, disse \u00e0 coluna Paulo Tavares, presidente do Sindicombustiveis-DF.<\/p>\n<p><strong>Dobradinha MDB e PT na C\u00e2mara Legislativa<br \/>\n<\/strong>Na corrida para a presid\u00eancia da C\u00e2mara Legislativa, o deputado distrital eleito Wellington Luiz (MDB) parece ter os votos suficientes para se eleger. O vice deve ser Ricardo Vale, do PT.<\/p>\n<p><strong>Simplifica\u00e7\u00e3o tribut\u00e1ria<br \/>\n<\/strong>A Comiss\u00e3o de Finan\u00e7as e Tributa\u00e7\u00e3o da C\u00e2mara Federal aprovou o PLP 178\/2021, do deputado Efraim Filho (Uni\u00e3o Brasil-PB), que simplifica as obriga\u00e7\u00f5es tribut\u00e1rias acess\u00f3rias. Ou seja, os documentos que as empresas precisam apresentar aos \u00f3rg\u00e3os fiscalizadores com informa\u00e7\u00f5es sobre receita efetivada, impostos apurados e quest\u00f5es trabalhistas.<\/p>\n<p><strong>Nota eletr\u00f4nica<br \/>\n<\/strong>Chamada de mini-reforma tribut\u00e1ria, a proposta padroniza a legisla\u00e7\u00e3o, reduz custos e diminui a sonega\u00e7\u00e3o fiscal. O projeto prev\u00ea a cria\u00e7\u00e3o da Nota Fiscal Brasil Eletr\u00f4nica. A relatora \u00e9 a deputada federal Paula Belmonte (Cidadania-DF).<\/p>\n<p><strong>Correndo contra o tempo<br \/>\n<\/strong>Paula corre contra o tempo para fazer render os \u00faltimos dias de mandato. Prestes a deixar o Congresso para assumir uma vaga na C\u00e2mara Legislativa, ela ainda relatou o projeto que determina o funcionamento ininterrupto de Delegacias Especializadas de Atendimento \u00e0 Mulher.<\/p>\n<p><strong>Mandou Mal<br \/>\n<\/strong>O corte or\u00e7ament\u00e1rio do MEC, deixando universidades federais, como a de Bras\u00edlia, em situa\u00e7\u00e3o desesperadora. Foram retirados R$ 17 milh\u00f5es da UnB, impedindo todos os pagamentos previstos at\u00e9 o final do ano.<\/p>\n<p><strong>Mandou Bem<br \/>\n<\/strong>Depois de 61 anos de espera, a Aruc recebeu a Concess\u00e3o de Direito Real de Uso do terreno que ocupa no Cruzeiro. A Terracap, a pedido do governador Ibaneis, resolveu o n\u00f3 do processo. E ontem, em clima festivo na quadra da agremia\u00e7\u00e3o, o documento foi entregue.<\/p>\n<p><strong>Caminho do dinheiro &#8230;<br \/>\n<\/strong>H\u00e1 apenas R$ 25 mil de or\u00e7amento do governo federal para preven\u00e7\u00e3o e socorros a desastres naturais. E os pr\u00f3ximos tr\u00eas meses s\u00e3o alarmantes, devido \u00e0s chuvas de ver\u00e3o.<\/p>\n<p><strong>S\u00f3 papos<\/strong><\/p>\n<blockquote><p>&#8220;J\u00e1 tivemos embates, mas eu gosto dela, porque ela luta pelo que acredita. Tem momentos que a gente vai ter que conversar pelo DF. A gente vai brigar, mas temos muita coisa em que convergimos, como a defesa de crian\u00e7as e minorias&#8221;<br \/>\n<strong>Damares Alves (Republicanos), ex-ministra da Mulher, Fam\u00edlia e Direitos Humanos e senadora eleita pelo DF<\/strong><\/p>\n<p>&#8220;A figura da Damares \u00e9 a express\u00e3o da opress\u00e3o contra as mulheres. A sororidade n\u00f3s temos com quem combate essa l\u00f3gica que permeou o minist\u00e9rio, ocupado por uma pol\u00edtica antifeminista&#8221;<br \/>\n<strong>Deputada federal Erika Kokay (PT\/DF), cotada para ser ministra dos Direitos Humanos<\/strong><\/p><\/blockquote>\n","protected":false},"excerpt":{"rendered":"<p> Algumas diretrizes foram colocadas como prioridades, como o programa Drenar, para acabar com as inunda\u00e7\u00f5es nas Asas Norte e Sul e Taguatinga<\/p>\n","protected":false},"author":9,"featured_media":2147,"comment_status":"open","ping_status":"open","sticky":false,"template":"","format":"standard","meta":{"footnotes":""},"categories":[247],"tags":[70,139,654,653],"class_list":["post-2146","post","type-post","status-publish","format-standard","has-post-thumbnail","hentry","category-eixo-capital","tag-camara-legislativa","tag-paula-belmonte","tag-reforma-tributaria","tag-transicao"],"_links":{"self":[{"href":"https:\/\/blogs.correiobraziliense.com.br\/eixocapital\/wp-json\/wp\/v2\/posts\/2146","targetHints":{"allow":["GET"]}}],"collection":[{"href":"https:\/\/blogs.correiobraziliense.com.br\/eixocapital\/wp-json\/wp\/v2\/posts"}],"about":[{"href":"https:\/\/blogs.correiobraziliense.com.br\/eixocapital\/wp-json\/wp\/v2\/types\/post"}],"author":[{"embeddable":true,"href":"https:\/\/blogs.correiobraziliense.com.br\/eixocapital\/wp-json\/wp\/v2\/users\/9"}],"replies":[{"embeddable":true,"href":"https:\/\/blogs.correiobraziliense.com.br\/eixocapital\/wp-json\/wp\/v2\/comments?post=2146"}],"version-history":[{"count":1,"href":"https:\/\/blogs.correiobraziliense.com.br\/eixocapital\/wp-json\/wp\/v2\/posts\/2146\/revisions"}],"predecessor-version":[{"id":2148,"href":"https:\/\/blogs.correiobraziliense.com.br\/eixocapital\/wp-json\/wp\/v2\/posts\/2146\/revisions\/2148"}],"wp:featuredmedia":[{"embeddable":true,"href":"https:\/\/blogs.correiobraziliense.com.br\/eixocapital\/wp-json\/wp\/v2\/media\/2147"}],"wp:attachment":[{"href":"https:\/\/blogs.correiobraziliense.com.br\/eixocapital\/wp-json\/wp\/v2\/media?parent=2146"}],"wp:term":[{"taxonomy":"category","embeddable":true,"href":"https:\/\/blogs.correiobraziliense.com.br\/eixocapital\/wp-json\/wp\/v2\/categories?post=2146"},{"taxonomy":"post_tag","embeddable":true,"href":"https:\/\/blogs.correiobraziliense.com.br\/eixocapital\/wp-json\/wp\/v2\/tags?post=2146"}],"curies":[{"name":"wp","href":"https:\/\/api.w.org\/{rel}","templated":true}]}}