{"id":2139,"date":"2022-12-02T07:42:02","date_gmt":"2022-12-02T10:42:02","guid":{"rendered":"https:\/\/blogs.correiobraziliense.com.br\/eixocapital\/?p=2139"},"modified":"2022-12-02T07:42:02","modified_gmt":"2022-12-02T10:42:02","slug":"relatorio-de-transicao-aponta-paralisacao-de-obras-de-habitacao-para-baixa-renda-no-pais","status":"publish","type":"post","link":"https:\/\/blogs.correiobraziliense.com.br\/eixocapital\/2022\/12\/02\/relatorio-de-transicao-aponta-paralisacao-de-obras-de-habitacao-para-baixa-renda-no-pais\/","title":{"rendered":"Relat\u00f3rio de transi\u00e7\u00e3o aponta paralisa\u00e7\u00e3o de obras de habita\u00e7\u00e3o para baixa renda no pa\u00eds"},"content":{"rendered":"<p><strong>Coluna Eixo Capital, por Samanta Sallum (interina)<\/strong><\/p>\n<p>O Grupo de Trabalho Cidades do Governo de Transi\u00e7\u00e3o entregou ontem o relat\u00f3rio de diagn\u00f3stico da \u00e1rea, depois de levantar informa\u00e7\u00f5es com o Minist\u00e9rio do Desenvolvimento Regional e com o Tribunal de Contas da Uni\u00e3o (TCU). A situa\u00e7\u00e3o \u00e9 alarmante, segundo o documento. H\u00e1 previs\u00e3o de paralisa\u00e7\u00e3o de obras de habita\u00e7\u00e3o de interesse social a partir de fevereiro de 2023 por falta de or\u00e7amento no ano que vem.<\/p>\n<p><strong>Sem dinheiro para socorro a desastres<br \/>\n<\/strong>Falta dinheiro tamb\u00e9m, no momento, para preven\u00e7\u00e3o e <a href=\"https:\/\/www.correiobraziliense.com.br\/brasil\/2022\/12\/5056151-chuvas-causam-destruicao-e-morte-em-seis-estados-brasileiros.html\"><strong>socorro \u00e0s cidades em caso de desastres causados por temporais e deslizamentos<\/strong><\/a>, como o ocorrido no Paran\u00e1, no in\u00edcio da semana. O documento ainda alerta que o governo Bolsonaro &#8220;abandonou&#8221; os projetos de saneamento.<\/p>\n<p><strong>&#8220;Caos&#8221;<br \/>\n<\/strong>&#8220;N\u00e3o h\u00e1 outra palavra para definir a situa\u00e7\u00e3o que n\u00e3o seja caos. Na pr\u00f3xima, semana vamos entregar um outro relat\u00f3rio que aponte caminhos para alguma solu\u00e7\u00e3o&#8221;, adiantou \u00e0 coluna Geraldo Magela, um dos coordenadores do GT. Magela \u00e9 petista de Bras\u00edlia, ex-deputado e ex-secret\u00e1rio de Habita\u00e7\u00e3o do DF.<\/p>\n<h3>Petrobras paga valor recorde de impostos<\/h3>\n<p>J\u00e1 o Conselho de Administra\u00e7\u00e3o da Petrobras aprovou ontem o Plano Estrat\u00e9gico para at\u00e9 2027, em que ressalta que a empresa est\u00e1 muito bem. No documento, destaca que pagou valor recorde de R$ 222 bilh\u00f5es em impostos ao governo brasileiro este ano.<\/p>\n<p><strong>Novas plataformas<br \/>\n<\/strong>Os<a href=\"https:\/\/blogs.correiobraziliense.com.br\/capital-sa\/2022\/12\/01\/petrobras-define-plano-estrategico-2023-2027-com-investimento-de-78-bilhoes-de-dolares\/\"><strong> investimentos previstos para o per\u00edodo 2023-2027<\/strong> <\/a>s\u00e3o de US$ 78 bilh\u00f5es \u2014 15% superiores ao plano passado. A companhia alocar\u00e1 ainda cerca de US$ 20 bilh\u00f5es em afretamentos de novas plataformas.<\/p>\n<p><strong>Lula manda parar venda de refinarias<br \/>\n<\/strong>O presidente eleito Lula vai alterar a composi\u00e7\u00e3o do Conselho da Petrobras. Das 11 cadeiras, o governo federal tem 6. E assim o Plano Estrat\u00e9gico da companhia ser\u00e1 revisto. Lula j\u00e1 pediu freio na venda de refinarias.<\/p>\n<p><strong>Representante do DF<br \/>\n<\/strong>O Distrito Federal tem um representante no atual Conselho, Edison Garcia, que \u00e9 presidente da CEB Holding.<\/p>\n<p><strong>Cotados<br \/>\n<\/strong>Magda Chambriard, ex-diretora da ANP no governo Dilma, e o senador pelo Rio Grande do Norte Jean Paul Prates (PT), que est\u00e1 no GT de Minas e Energia, s\u00e3o os nomes cotados para assumir a Petrobras.<\/p>\n<p><strong>Na paz e na seguran\u00e7a<br \/>\n<\/strong>Apesar de ter se empenhado na campanha de Bolsonaro, o governador Ibaneis Rocha (MDB) j\u00e1 virou a chavinha e est\u00e1 no m\u00f3dulo &#8220;friendly&#8221; com o governo eleito de Lula. Colocou-se \u00e0 disposi\u00e7\u00e3o do petista no que precisasse do GDF na sua volta como morador de Bras\u00edlia. Ontem, em clima de descontra\u00e7\u00e3o, recebeu, no Pal\u00e1cio do Buriti, o vice-presidente eleito, Geraldo Alckmin, e a futura primeira-dama do pa\u00eds, Janja. A reuni\u00e3o foi para tratar da cerim\u00f4nia de posse presidencial, em 1\u00ba de janeiro. &#8220;Trabalharemos para que tudo ocorra da melhor forma poss\u00edvel, com seguran\u00e7a e paz&#8221;, disse Ibaneis.<\/p>\n<p><strong>Saia-justa por causa da Secretaria de Seguran\u00e7a<br \/>\n<\/strong>A quest\u00e3o \u00e9 como ficar\u00e1 Anderson Torres, ministro da Justi\u00e7a e ex-secret\u00e1rio de Seguran\u00e7a do DF. Falou-se numa volta dele para o governo local. Mas, tradicionalmente, o nome escolhido para o cargo \u00e9 resultado de entendimento com o governo federal. E os petistas n\u00e3o querem o escudeiro de Bolsonaro na Seguran\u00e7a da capital federal. Integrantes do STF tamb\u00e9m n\u00e3o. Saia justa para Ibaneis.<\/p>\n<p><strong>Posse do Sindepo e da Adepol<br \/>\n<\/strong>As diretorias do Sindicato dos Delegados de Pol\u00edcia Civil do Distrito Federal (Sindepo\/DF) e da Associa\u00e7\u00e3o dos Delegados de Pol\u00edcia Civil do DF (Adepol\/DF), eleitas para o tri\u00eanio 2023\/2025, tomaram posse, ontem, no audit\u00f3rio da Pol\u00edcia Civil. A delegada Cl\u00e1udia Alc\u00e2ntara \u00e9 a nova presidente do Sindepo\/DF. \u00c9 a primeira mulher a assumir a entidade. Atuou como delegada-adjunta no in\u00edcio da Delegacia da Mulher (Deam), foi subsecret\u00e1ria de Intelig\u00eancia, secret\u00e1ria de Justi\u00e7a do DF e tamb\u00e9m chefe da Assessoria Institucional da PCDF.<\/p>\n<p><strong>Paridade salarial<br \/>\n<\/strong>O delegado Amarildo Fernandes foi reeleito para a Adepol. Participou da mobiliza\u00e7\u00e3o pela paridade salarial da categoria e pelo plano de sa\u00fade do Inas, junto ao GDF.<\/p>\n<p><strong>Presen\u00e7as<br \/>\n<\/strong>Foi prestigiado o evento tanto pelos representantes de direita como pela esquerda. Estiveram presentes Robson C\u00e2ndido, diretor geral da PCD; a senadora eleita Damares Alves; a distrital eleita e delegada Jane Kl\u00e9bia; Manoel de Andrade, conselheiro do TCDF; a deputada federal \u00c9rika Kokay; Wellington Luiz, eleito distrital; Manoel Arruda, presidente do Uni\u00e3o Brasil DF; e o senador Izalci Lucas, entre outros.<\/p>\n<p>&nbsp;<\/p>\n","protected":false},"excerpt":{"rendered":"<p>O GT Cidades da Transi\u00e7\u00e3o entregou relat\u00f3rio de diagn\u00f3stico da \u00e1rea, depois de levantar informa\u00e7\u00f5es com o Minist\u00e9rio do Desenvolvimento Regional e com o TCU<\/p>\n","protected":false},"author":9,"featured_media":2140,"comment_status":"open","ping_status":"open","sticky":false,"template":"","format":"standard","meta":{"footnotes":""},"categories":[247],"tags":[99,649,650],"class_list":["post-2139","post","type-post","status-publish","format-standard","has-post-thumbnail","hentry","category-eixo-capital","tag-geraldo-magela","tag-grupo-de-transicao","tag-petrobras"],"_links":{"self":[{"href":"https:\/\/blogs.correiobraziliense.com.br\/eixocapital\/wp-json\/wp\/v2\/posts\/2139","targetHints":{"allow":["GET"]}}],"collection":[{"href":"https:\/\/blogs.correiobraziliense.com.br\/eixocapital\/wp-json\/wp\/v2\/posts"}],"about":[{"href":"https:\/\/blogs.correiobraziliense.com.br\/eixocapital\/wp-json\/wp\/v2\/types\/post"}],"author":[{"embeddable":true,"href":"https:\/\/blogs.correiobraziliense.com.br\/eixocapital\/wp-json\/wp\/v2\/users\/9"}],"replies":[{"embeddable":true,"href":"https:\/\/blogs.correiobraziliense.com.br\/eixocapital\/wp-json\/wp\/v2\/comments?post=2139"}],"version-history":[{"count":2,"href":"https:\/\/blogs.correiobraziliense.com.br\/eixocapital\/wp-json\/wp\/v2\/posts\/2139\/revisions"}],"predecessor-version":[{"id":2142,"href":"https:\/\/blogs.correiobraziliense.com.br\/eixocapital\/wp-json\/wp\/v2\/posts\/2139\/revisions\/2142"}],"wp:featuredmedia":[{"embeddable":true,"href":"https:\/\/blogs.correiobraziliense.com.br\/eixocapital\/wp-json\/wp\/v2\/media\/2140"}],"wp:attachment":[{"href":"https:\/\/blogs.correiobraziliense.com.br\/eixocapital\/wp-json\/wp\/v2\/media?parent=2139"}],"wp:term":[{"taxonomy":"category","embeddable":true,"href":"https:\/\/blogs.correiobraziliense.com.br\/eixocapital\/wp-json\/wp\/v2\/categories?post=2139"},{"taxonomy":"post_tag","embeddable":true,"href":"https:\/\/blogs.correiobraziliense.com.br\/eixocapital\/wp-json\/wp\/v2\/tags?post=2139"}],"curies":[{"name":"wp","href":"https:\/\/api.w.org\/{rel}","templated":true}]}}