{"id":2132,"date":"2022-11-25T07:35:00","date_gmt":"2022-11-25T10:35:00","guid":{"rendered":"https:\/\/blogs.correiobraziliense.com.br\/eixocapital\/?p=2132"},"modified":"2022-11-25T07:35:00","modified_gmt":"2022-11-25T10:35:00","slug":"rose-rainha-entrevista","status":"publish","type":"post","link":"https:\/\/blogs.correiobraziliense.com.br\/eixocapital\/2022\/11\/25\/rose-rainha-entrevista\/","title":{"rendered":"Rose Rainha: &#8220;Homens e mulheres em condi\u00e7\u00f5es iguais de oportunidades v\u00e3o sempre se destacar por sua compet\u00eancia e dedica\u00e7\u00e3o&#8221;"},"content":{"rendered":"<p><strong>\u00c0 queima-roupa \/\/ Rose Rainha, superintendente eleita do Sebrae-DF<\/strong><\/p>\n<p><strong>por Ana Maria Campos<\/strong><\/p>\n<p><strong>O que muda na sua gest\u00e3o \u00e0 frente do Sebrae-DF, a partir de 2023?<br \/>\n<\/strong>Os pr\u00f3ximos quatro anos ser\u00e3o de retomada, ap\u00f3s o impacto que a pandemia deixou na nossa economia. Ser\u00e1 uma gest\u00e3o centrada na sensibilidade aos problemas dos empres\u00e1rios, e antenada nas possibilidades de oportunidades de mercado. Cabe lembrar que nos \u00faltimos anos estive \u00e0 frente da Diretoria T\u00e9cnica, a qual cabe a responsabilidade por v\u00e1rios projetos de \u00eaxito do Sebrae no Distrito Federal. Ent\u00e3o,<br \/>\n\u00e9 normal a continuidade desses programas de sucesso.<\/p>\n<p><strong>Uma gest\u00e3o feminina altera os programas voltados a micro e pequenas empresas?<br \/>\n<\/strong>Uma gest\u00e3o feminina, in\u00e9dito como a nossa, na qual a diretoria executiva \u00e9 s\u00f3 de mulheres significa que com oportunidades iguais, podemos ocupar qualquer lugar de gest\u00e3o. Homens e mulheres em condi\u00e7\u00f5es iguais de oportunidades v\u00e3o sempre se destacar por sua compet\u00eancia e dedica\u00e7\u00e3o. Nossa gest\u00e3o deve impactar no claro sinal para as empreendedoras de que podemos ocupar cada vez mais esses espa\u00e7os.<\/p>\n<p><strong>Depois de dois anos de pandemia, quando as pessoas j\u00e1 se sentiam seguras, vemos um aumento nos casos de covid e medidas adotadas pela Anvisa com a volta de obrigatoriedade de m\u00e1scaras em voo e aeroportos. Esse retrocesso abala a expectativa de aquecimento da economia?<br \/>\n<\/strong>N\u00e3o vejo como um retrocesso, mas como uma preocupa\u00e7\u00e3o, acertada diante do recrudescimento dos casos. Acredito que iremos conviver com covid durante muito tempo, e essa conviv\u00eancia exigir\u00e1 adapta\u00e7\u00f5es. Nosso papel em uma institui\u00e7\u00e3o de suporte aos pequenos e micro empresas ser\u00e1 de facilitar essa adapta\u00e7\u00e3o para um segmento da economia que \u00e9 mais sens\u00edvel a mudan\u00e7as.<\/p>\n<p><strong>Voc\u00ea sempre foi uma pessoa pr\u00f3xima do governador Ibaneis Rocha. Haver\u00e1 uma parceria maior do Sebrae com o GDF? Como podem atuar juntos?<br \/>\n<\/strong>O governador Ibaneis tem uma elevada sensibilidade aos problemas do setor produtivo e isso, sem d\u00favida, coloca o Sebrae como um parceiro potencial para projetos que alavanquem esse segmento. Nossa proximidade e afinidade politica facilitar\u00e3o essas parcerias. Um exemplo de atua\u00e7\u00e3o com certeza ser\u00e1 na amplia\u00e7\u00e3o dos projetos de Educa\u00e7\u00e3o Empreendedora e tamb\u00e9m na atua\u00e7\u00e3o com foco nas especificidades de cada regi\u00e3o administrativa, buscando potencializar suas voca\u00e7\u00f5es, atuando em parceria com as administra\u00e7\u00f5es regionais e outras entidades.<\/p>\n<p><strong>Qual \u00e9 a sua expectativa em rela\u00e7\u00e3o ao governo Lula? Acredita que ser\u00e1 um bom momento para os pequenos empres\u00e1rios?<br \/>\n<\/strong>O presidente eleito j\u00e1 manifestou algumas vezes que v\u00ea o segmento das micros e pequenas empresas como priorit\u00e1rio na retomada da economia brasileira. Para adotar essa prioridade precisar\u00e1 do apoio do Sebrae e poder\u00e1 contar conosco nessa bandeira.<\/p>\n","protected":false},"excerpt":{"rendered":"<p>Em entrevista,  Rose Rainha, superintendente eleita do Sebrae-DF, fala sobre os desafios da retomada do setor ap\u00f3s a pandemia de covid-19<\/p>\n","protected":false},"author":9,"featured_media":2133,"comment_status":"open","ping_status":"open","sticky":false,"template":"","format":"standard","meta":{"footnotes":""},"categories":[247],"tags":[90,646,647],"class_list":["post-2132","post","type-post","status-publish","format-standard","has-post-thumbnail","hentry","category-eixo-capital","tag-entrevista","tag-rose-rainha","tag-sebrae-df"],"_links":{"self":[{"href":"https:\/\/blogs.correiobraziliense.com.br\/eixocapital\/wp-json\/wp\/v2\/posts\/2132","targetHints":{"allow":["GET"]}}],"collection":[{"href":"https:\/\/blogs.correiobraziliense.com.br\/eixocapital\/wp-json\/wp\/v2\/posts"}],"about":[{"href":"https:\/\/blogs.correiobraziliense.com.br\/eixocapital\/wp-json\/wp\/v2\/types\/post"}],"author":[{"embeddable":true,"href":"https:\/\/blogs.correiobraziliense.com.br\/eixocapital\/wp-json\/wp\/v2\/users\/9"}],"replies":[{"embeddable":true,"href":"https:\/\/blogs.correiobraziliense.com.br\/eixocapital\/wp-json\/wp\/v2\/comments?post=2132"}],"version-history":[{"count":1,"href":"https:\/\/blogs.correiobraziliense.com.br\/eixocapital\/wp-json\/wp\/v2\/posts\/2132\/revisions"}],"predecessor-version":[{"id":2134,"href":"https:\/\/blogs.correiobraziliense.com.br\/eixocapital\/wp-json\/wp\/v2\/posts\/2132\/revisions\/2134"}],"wp:featuredmedia":[{"embeddable":true,"href":"https:\/\/blogs.correiobraziliense.com.br\/eixocapital\/wp-json\/wp\/v2\/media\/2133"}],"wp:attachment":[{"href":"https:\/\/blogs.correiobraziliense.com.br\/eixocapital\/wp-json\/wp\/v2\/media?parent=2132"}],"wp:term":[{"taxonomy":"category","embeddable":true,"href":"https:\/\/blogs.correiobraziliense.com.br\/eixocapital\/wp-json\/wp\/v2\/categories?post=2132"},{"taxonomy":"post_tag","embeddable":true,"href":"https:\/\/blogs.correiobraziliense.com.br\/eixocapital\/wp-json\/wp\/v2\/tags?post=2132"}],"curies":[{"name":"wp","href":"https:\/\/api.w.org\/{rel}","templated":true}]}}