{"id":2129,"date":"2022-11-25T07:27:25","date_gmt":"2022-11-25T10:27:25","guid":{"rendered":"https:\/\/blogs.correiobraziliense.com.br\/eixocapital\/?p=2129"},"modified":"2022-11-25T07:27:25","modified_gmt":"2022-11-25T10:27:25","slug":"valdir-oliveira-se-despede-do-sebrae-df-de-olho-nas-proximas-eleicoes","status":"publish","type":"post","link":"https:\/\/blogs.correiobraziliense.com.br\/eixocapital\/2022\/11\/25\/valdir-oliveira-se-despede-do-sebrae-df-de-olho-nas-proximas-eleicoes\/","title":{"rendered":"Valdir Oliveira se despede do Sebrae-DF de olho nas pr\u00f3ximas elei\u00e7\u00f5es"},"content":{"rendered":"<p><strong>Coluna Eixo Capital, por Ana Maria Campos<\/strong><\/p>\n<p>Valdir Oliveira se despede da gest\u00e3o como superintendente regional do Sebrae, que termina no fim do ano. &#8220;Todo ciclo tem um fim. O mesmo trem que chega na esta\u00e7\u00e3o \u00e9 o que parte para uma pr\u00f3xima jornada. Meu ciclo no Sebrae-DF chegou ao fim. Foram 12 anos de dedica\u00e7\u00e3o. \u00c9 hora de seguir uma nova jornada. Nesses anos da \u00faltima gest\u00e3o, enfrentamos uma pandemia com graves consequ\u00eancias para economia.&#8221; O trem que chega na esta\u00e7\u00e3o pode levar ao Sebrae Nacional. Uma coisa \u00e9 certa: aposentado do Banco do Brasil e com o fim do mandato de superintendente do Sebrae-DF, Valdir vai se preparar para as pr\u00f3ximas elei\u00e7\u00f5es.<\/p>\n<h3><strong>Reclama\u00e7\u00e3o disciplinar no CNMP contra promotor acusado de misoginia<\/strong><\/h3>\n<p>Um promotor de Justi\u00e7a de Taubat\u00e9 (SP) tornou-se alvo de uma reclama\u00e7\u00e3o disciplinar, assinada pelos conselheiros Rodrigo Badar\u00f3 e Rogerio Varela, do Conselho Nacional do Minist\u00e9rio P\u00fablico (CNMP). Motivo: o integrante do Minist\u00e9rio P\u00fablico afirmou que uma advogada &#8220;tem o h\u00e1bito de rebolar&#8221; e &#8220;estaria dando um show&#8221; para o J\u00fari. Na reclama\u00e7\u00e3o, os conselheiros do CNMP destacam que, das not\u00edcias publicadas sobre o caso, podem ser extra\u00eddas condutas como: infra\u00e7\u00e3o funcional, ato de misoginia, discrimina\u00e7\u00e3o e viola\u00e7\u00e3o de prerrogativas da advocacia. O caso ser\u00e1 avaliado pelo Corregedor Nacional do Minist\u00e9rio P\u00fablico, Oswaldo D&#8217;Albuquerque. A depender da avalia\u00e7\u00e3o, o promotor pode ser punido com advert\u00eancia ou at\u00e9 suspens\u00e3o. Badar\u00f3 e Varela representam a OAB no plen\u00e1rio do CNMP.<\/p>\n<p><strong>Sinpol vai dar medalha para Ibaneis e outras personalidades<br \/>\n<\/strong>A diretoria do Sindicato dos Policiais Civis do Distrito Federal (Sinpol-DF) promove hoje solenidade de entrega da Medalha Sinpol de M\u00e9rito Policial Civil. \u00c9 uma comemora\u00e7\u00e3o pelo anivers\u00e1rio de 34 anos da entidade. Entre os agraciados, est\u00e3o policiais civis, pol\u00edticos e gestores, como o governador Ibaneis Rocha, o conselheiro Andr\u00e9 Clemente, os secret\u00e1rios Jos\u00e9 Humberto Pires (Governo), J\u00falio Danilo (Seguran\u00e7a), Ney Ferraz (Planejamento) e Gisele Ferreira (Esporte), al\u00e9m do presidente da Caesb, Pedro Cardoso, e do delegado-geral, Robson C\u00e2ndido. Tamb\u00e9m ser\u00e3o agraciados deputados distritais e federais, al\u00e9m de jornalistas, como esta colunista. A lista de homenageados contempla uma homenagem coletiva que ser\u00e1 destinado \u00e0 equipe da Delegacia Especial de Repress\u00e3o aos Crimes Cibern\u00e9ticos (DRCC). Pelo Poder Judici\u00e1rio, a medalha vai para a ju\u00edza da Vara de Execu\u00e7\u00f5es Penais do<br \/>\nDF, Leila Cury.<\/p>\n<p><strong>#UseMascara<br \/>\n<\/strong>A pandemia n\u00e3o acabou. N\u00e3o amole\u00e7a nos cuidados. Os tribunais de Justi\u00e7a j\u00e1 est\u00e3o fazendo a sua parte ao exigir a volta do uso de m\u00e1scaras.<\/p>\n","protected":false},"excerpt":{"rendered":"<p>Aposentado do Banco do Brasil e com o fim do mandato de superintendente do Sebrae-DF, Valdir vai se preparar para as pr\u00f3ximas elei\u00e7\u00f5es<\/p>\n","protected":false},"author":9,"featured_media":2130,"comment_status":"open","ping_status":"open","sticky":false,"template":"","format":"standard","meta":{"footnotes":""},"categories":[247],"tags":[399,189,398],"class_list":["post-2129","post","type-post","status-publish","format-standard","has-post-thumbnail","hentry","category-eixo-capital","tag-sebrae","tag-sinpol","tag-valdir-oliveira"],"_links":{"self":[{"href":"https:\/\/blogs.correiobraziliense.com.br\/eixocapital\/wp-json\/wp\/v2\/posts\/2129","targetHints":{"allow":["GET"]}}],"collection":[{"href":"https:\/\/blogs.correiobraziliense.com.br\/eixocapital\/wp-json\/wp\/v2\/posts"}],"about":[{"href":"https:\/\/blogs.correiobraziliense.com.br\/eixocapital\/wp-json\/wp\/v2\/types\/post"}],"author":[{"embeddable":true,"href":"https:\/\/blogs.correiobraziliense.com.br\/eixocapital\/wp-json\/wp\/v2\/users\/9"}],"replies":[{"embeddable":true,"href":"https:\/\/blogs.correiobraziliense.com.br\/eixocapital\/wp-json\/wp\/v2\/comments?post=2129"}],"version-history":[{"count":1,"href":"https:\/\/blogs.correiobraziliense.com.br\/eixocapital\/wp-json\/wp\/v2\/posts\/2129\/revisions"}],"predecessor-version":[{"id":2131,"href":"https:\/\/blogs.correiobraziliense.com.br\/eixocapital\/wp-json\/wp\/v2\/posts\/2129\/revisions\/2131"}],"wp:featuredmedia":[{"embeddable":true,"href":"https:\/\/blogs.correiobraziliense.com.br\/eixocapital\/wp-json\/wp\/v2\/media\/2130"}],"wp:attachment":[{"href":"https:\/\/blogs.correiobraziliense.com.br\/eixocapital\/wp-json\/wp\/v2\/media?parent=2129"}],"wp:term":[{"taxonomy":"category","embeddable":true,"href":"https:\/\/blogs.correiobraziliense.com.br\/eixocapital\/wp-json\/wp\/v2\/categories?post=2129"},{"taxonomy":"post_tag","embeddable":true,"href":"https:\/\/blogs.correiobraziliense.com.br\/eixocapital\/wp-json\/wp\/v2\/tags?post=2129"}],"curies":[{"name":"wp","href":"https:\/\/api.w.org\/{rel}","templated":true}]}}