{"id":2123,"date":"2022-11-23T07:40:46","date_gmt":"2022-11-23T10:40:46","guid":{"rendered":"https:\/\/blogs.correiobraziliense.com.br\/eixocapital\/?p=2123"},"modified":"2022-11-23T07:40:46","modified_gmt":"2022-11-23T10:40:46","slug":"iolando-trabalha-firme-para-levar-a-presidencia-da-camara-legislativa","status":"publish","type":"post","link":"https:\/\/blogs.correiobraziliense.com.br\/eixocapital\/2022\/11\/23\/iolando-trabalha-firme-para-levar-a-presidencia-da-camara-legislativa\/","title":{"rendered":"Iolando trabalha firme para levar a presid\u00eancia da C\u00e2mara Legislativa"},"content":{"rendered":"<p><strong>Coluna Eixo Capital, por Ana Maria Campos<\/strong><\/p>\n<p>O deputado Iolando (MDB) est\u00e1 trabalhando firme para ser presidente da C\u00e2mara Legislativa e re\u00fane apoios para bater chapa com o deputado Wellington Luiz (MDB), outro forte candidato. A d\u00favida de alguns aliados, no entanto, \u00e9 se ele vai desistir na \u00faltima hora numa negocia\u00e7\u00e3o dentro do MDB.<\/p>\n<h3>Kokay e Leila na equipe de transi\u00e7\u00e3o<\/h3>\n<p>Duas parlamentares do DF v\u00e3o participar do grupo de transi\u00e7\u00e3o para o governo Lula. A deputada federal \u00c9rika Kokay (PT-DF) vai participar das tem\u00e1ticas sobre mulheres. J\u00e1 a senadora Leila Barros (PDT-DF) entrou na equipe que vai debater o esporte. &#8220;Temos enormes desafios nessa \u00e1rea no Brasil, que \u00e9 o quinto pa\u00eds no ranking de feminic\u00eddio no mundo. Muito trabalho pela frente para reconstruir as pol\u00edticas para as mulheres&#8221;, afirma Kokay. &#8220;A miss\u00e3o ser\u00e1 importante para auxiliar na constru\u00e7\u00e3o de um or\u00e7amento que permita ao pr\u00f3ximo governo criar programas e a\u00e7\u00f5es que fortale\u00e7am o desporto de alto rendimento e promovam, por meio da pr\u00e1tica esportiva, a inclus\u00e3o social, a sa\u00fade e o desenvolvimento do Pa\u00eds&#8221;, diz Leila.<\/p>\n<p><strong>Contra fake news e viol\u00eancia pol\u00edtica<br \/>\n<\/strong>A ministra Maria Cl\u00e1udia, do TSE, e a procuradora da Rep\u00fablica Raquel Branquinho participam na pr\u00f3xima sexta-feira do semin\u00e1rio &#8220;Tutela eleitoral: desinforma\u00e7\u00e3o e viol\u00eancia pol\u00edtica como desafios&#8221;, no IDP, em Bras\u00edlia. O debate foi organizado pelos professores Ademar Borges e Alaor Leite.<\/p>\n<p><strong>Entidades acompanham tramita\u00e7\u00e3o do reajuste da PCDF<br \/>\n<\/strong>Os presidentes do Sindicato dos Delegados de Pol\u00edcia Civil do Distrito Federal (Sindepo\/DF), Paulo Roberto D&#8217;Almeida, e da Associa\u00e7\u00e3o dos Delegados de Pol\u00edcia Civil do DF (Adepol\/DF), Amarildo Fernandes, receberam as entidades que representam as categorias para debater e acompanhar as negocia\u00e7\u00f5es referentes \u00e0 recomposi\u00e7\u00e3o salarial. Os deputados distritais eleitos Dra. Jane Kl\u00e9bia (Agir) e Wellington Luiz (MDB), que representam a Pol\u00edcia Civil, tamb\u00e9m estiveram no F\u00f3rum. No \u00faltimo dia 17, o governador Ibaneis Rocha encaminhou ao Minist\u00e9rio da Justi\u00e7a e Seguran\u00e7a P\u00fablica o pedido de recomposi\u00e7\u00e3o salarial de 18% para as for\u00e7as de Seguran\u00e7a P\u00fablica do DF.<\/p>\n<p><strong>Emendas para conselhos tutelares<br \/>\n<\/strong>No dia do Conselheiro Tutelar, o senador Izalci Lucas (PSDB\/DF) recebeu manifesta\u00e7\u00f5es de conselheiros e lideran\u00e7as populares pelas emendas do Or\u00e7amento da Uni\u00e3o que permitiram a entrega de 27 carros, sendo tr\u00eas adaptados para pessoas com defici\u00eancia, e recursos para aquisi\u00e7\u00e3o de kits com equipamentos como bebedouro, ar condicionado, smart tv, computadores, impressoras e material de expediente.<\/p>\n<p><strong>Novo auditor do TCDF<br \/>\n<\/strong>O governador Ibaneis Rocha (MDB) nomeou o novo auditor do Tribunal de Contas do Distrito Federal (TCDF) Vinicius Cardoso de Pinho Fragoso. O ato de nomea\u00e7\u00e3o saiu publicado na edi\u00e7\u00e3o de ontem do Di\u00e1rio Oficial do DF. Fragoso ser\u00e1 conselheiro substituto e o primeiro nome para a disputa da pr\u00f3xima vaga de auditor no plen\u00e1rio da Corte. Segundo acordo judicial para manter Andr\u00e9 Clemente na vaga de conselheiro, a pr\u00f3xima nomea\u00e7\u00e3o deve ser de um auditor de carreira. No momento, o TCDF s\u00f3 tem Fragoso.<\/p>\n<p><strong>Lendas que inspiram\u00a0o hexa<br \/>\n<\/strong>Otimista com o futuro da Sele\u00e7\u00e3o Brasileira no Catar, o torcedor pode se inspirar no passado vitorioso do Brasil para sonhar ainda mais com o hexa. E o jornalista Fernando R\u00eago Barros d\u00e1 mais motivos para acreditar. Ele escreveu <em>1958 \u2014 Como ganhamos a Copa na Su\u00e9cia<\/em> (Cepe Editora), livro com hist\u00f3rias, curiosidades e muitos bastidores da primeira conquista do pa\u00eds no futebol, um time que reuniu lendas do esporte,<br \/>\ncomo Pel\u00e9, Garrincha, Nilton Santos, Didi&#8230;\u00a0A obra ser\u00e1 lan\u00e7ada no pr\u00f3ximo dia 30, \u00e0s 19h, na livraria Leitura do Shopping Rio Mar, no Recife.<\/p>\n","protected":false},"excerpt":{"rendered":"<p>O deputado Iolando (MDB) est\u00e1 trabalhando firme para ser presidente da C\u00e2mara Legislativa e re\u00fane apoios para bater chapa com Wellington Luiz (MDB)<\/p>\n","protected":false},"author":9,"featured_media":2124,"comment_status":"open","ping_status":"open","sticky":false,"template":"","format":"standard","meta":{"footnotes":""},"categories":[247],"tags":[70,380,642,60,643,290,270,3,207,644],"class_list":["post-2123","post","type-post","status-publish","format-standard","has-post-thumbnail","hentry","category-eixo-capital","tag-camara-legislativa","tag-erika-kokay","tag-iolando","tag-izalci-lucas","tag-jane-klebia","tag-leila-barros","tag-pcdf","tag-tcdf","tag-tse","tag-wellington-luiz"],"_links":{"self":[{"href":"https:\/\/blogs.correiobraziliense.com.br\/eixocapital\/wp-json\/wp\/v2\/posts\/2123","targetHints":{"allow":["GET"]}}],"collection":[{"href":"https:\/\/blogs.correiobraziliense.com.br\/eixocapital\/wp-json\/wp\/v2\/posts"}],"about":[{"href":"https:\/\/blogs.correiobraziliense.com.br\/eixocapital\/wp-json\/wp\/v2\/types\/post"}],"author":[{"embeddable":true,"href":"https:\/\/blogs.correiobraziliense.com.br\/eixocapital\/wp-json\/wp\/v2\/users\/9"}],"replies":[{"embeddable":true,"href":"https:\/\/blogs.correiobraziliense.com.br\/eixocapital\/wp-json\/wp\/v2\/comments?post=2123"}],"version-history":[{"count":1,"href":"https:\/\/blogs.correiobraziliense.com.br\/eixocapital\/wp-json\/wp\/v2\/posts\/2123\/revisions"}],"predecessor-version":[{"id":2125,"href":"https:\/\/blogs.correiobraziliense.com.br\/eixocapital\/wp-json\/wp\/v2\/posts\/2123\/revisions\/2125"}],"wp:featuredmedia":[{"embeddable":true,"href":"https:\/\/blogs.correiobraziliense.com.br\/eixocapital\/wp-json\/wp\/v2\/media\/2124"}],"wp:attachment":[{"href":"https:\/\/blogs.correiobraziliense.com.br\/eixocapital\/wp-json\/wp\/v2\/media?parent=2123"}],"wp:term":[{"taxonomy":"category","embeddable":true,"href":"https:\/\/blogs.correiobraziliense.com.br\/eixocapital\/wp-json\/wp\/v2\/categories?post=2123"},{"taxonomy":"post_tag","embeddable":true,"href":"https:\/\/blogs.correiobraziliense.com.br\/eixocapital\/wp-json\/wp\/v2\/tags?post=2123"}],"curies":[{"name":"wp","href":"https:\/\/api.w.org\/{rel}","templated":true}]}}