{"id":212,"date":"2021-11-09T15:56:58","date_gmt":"2021-11-09T18:56:58","guid":{"rendered":"https:\/\/blogs.correiobraziliense.com.br\/eixocapital\/?p=212"},"modified":"2021-11-09T15:56:58","modified_gmt":"2021-11-09T18:56:58","slug":"tribunal-de-justica-elege-lista-triplice-para-vaga-no-tre-df","status":"publish","type":"post","link":"https:\/\/blogs.correiobraziliense.com.br\/eixocapital\/2021\/11\/09\/tribunal-de-justica-elege-lista-triplice-para-vaga-no-tre-df\/","title":{"rendered":"Tribunal de Justi\u00e7a elege lista tr\u00edplice para vaga no TRE-DF"},"content":{"rendered":"<p>O Tribunal de Justi\u00e7a do DF elegeu hoje (09\/11) uma lista tr\u00edplice com nomes de advogados que concorrem a uma das vagas do Tribunal Regional Eleitoral (TRE-DF).<\/p>\n<p>&nbsp;<\/p>\n<p>Vale um assento na corte durante as pr\u00f3ximas elei\u00e7\u00f5es. Uma das atribui\u00e7\u00f5es ser\u00e1 a aprecia\u00e7\u00e3o de registros de candidaturas e impugna\u00e7\u00f5es.<\/p>\n<p>&nbsp;<\/p>\n<p>Veja a lista:<\/p>\n<p>&nbsp;<\/p>\n<p>Rodrigo\u00a0de S\u00e1 Queiroga &#8211; 34 votos<\/p>\n<p>Andrea Sab\u00f3ia de Arruda &#8211; 29 votos<\/p>\n<p>Diego Barbosa Campos &#8211; 27 votos<\/p>\n<p>&nbsp;<\/p>\n<p>Cabe ao presidente Jair Bolsonaro nomear um dos tr\u00eas para a vaga aberta com o fim do mandato do advogado Francisco Amaral.<\/p>\n<p>&nbsp;<\/p>\n<p>Queiroga \u00e9 formado em Ci\u00eancias Jur\u00eddicas e Sociais pela Universidade Federal da Para\u00edba, com especializa\u00e7\u00e3o em direito eleitoral pela AVM Faculdade Integrada e mestre em direito constitucional pelo IDP. Tem atua\u00e7\u00e3o no TSE desde 2001.<\/p>\n<p>&nbsp;<\/p>\n<p>Andrea Sab\u00f3ia \u00e9 secret\u00e1ria-geral adjunta da OAB-DF.\u00a0<span class=\"s1\">Graduada em direito pelo UniCEUB, ela fez P\u00f3s-gradua\u00e7\u00e3o em direito urban\u00edstico, regula\u00e7\u00e3o ambiental e direito p\u00fablico. \u00c9 fundadora do escrit\u00f3rio Andr\u00e9a Saboia Advocacia e tamb\u00e9m advogada de carreira da Terracap.<\/span><\/p>\n<p>&nbsp;<\/p>\n<p>Diego Barbosa Campos \u00e9 mestre em direito processual civil pela Faculdade de Direito da Universidade de S\u00e3o Paulo &#8211; USP, bacharel em direito pela Faculdade de Direito da Universidade de Bras\u00edlia &#8211; UnB, advogado e professor de direito processual civil.<\/p>\n<p>&nbsp;<\/p>\n<p>&nbsp;<\/p>\n","protected":false},"excerpt":{"rendered":"<p>O Tribunal de Justi\u00e7a do DF elegeu hoje (09\/11) uma lista tr\u00edplice com nomes de advogados que concorrem a uma das vagas do Tribunal Regional Eleitoral (TRE-DF). &nbsp; Vale um assento na corte durante as pr\u00f3ximas elei\u00e7\u00f5es. Uma das atribui\u00e7\u00f5es ser\u00e1 a aprecia\u00e7\u00e3o de registros de candidaturas e impugna\u00e7\u00f5es. &nbsp; Veja a lista: &nbsp; Rodrigo\u00a0de S\u00e1 Queiroga &#8211; 34 votos [&hellip;]<\/p>\n","protected":false},"author":9,"featured_media":214,"comment_status":"open","ping_status":"open","sticky":false,"template":"","format":"standard","meta":{"footnotes":""},"categories":[1],"tags":[113,114,112,64,111],"class_list":["post-212","post","type-post","status-publish","format-standard","has-post-thumbnail","hentry","category-sem-categoria","tag-andrea-saboia-de-arruda","tag-diego-barbosa-campos","tag-rodrigo-de-sa-queiroga","tag-tjdft","tag-tre-df"],"_links":{"self":[{"href":"https:\/\/blogs.correiobraziliense.com.br\/eixocapital\/wp-json\/wp\/v2\/posts\/212","targetHints":{"allow":["GET"]}}],"collection":[{"href":"https:\/\/blogs.correiobraziliense.com.br\/eixocapital\/wp-json\/wp\/v2\/posts"}],"about":[{"href":"https:\/\/blogs.correiobraziliense.com.br\/eixocapital\/wp-json\/wp\/v2\/types\/post"}],"author":[{"embeddable":true,"href":"https:\/\/blogs.correiobraziliense.com.br\/eixocapital\/wp-json\/wp\/v2\/users\/9"}],"replies":[{"embeddable":true,"href":"https:\/\/blogs.correiobraziliense.com.br\/eixocapital\/wp-json\/wp\/v2\/comments?post=212"}],"version-history":[{"count":2,"href":"https:\/\/blogs.correiobraziliense.com.br\/eixocapital\/wp-json\/wp\/v2\/posts\/212\/revisions"}],"predecessor-version":[{"id":215,"href":"https:\/\/blogs.correiobraziliense.com.br\/eixocapital\/wp-json\/wp\/v2\/posts\/212\/revisions\/215"}],"wp:featuredmedia":[{"embeddable":true,"href":"https:\/\/blogs.correiobraziliense.com.br\/eixocapital\/wp-json\/wp\/v2\/media\/214"}],"wp:attachment":[{"href":"https:\/\/blogs.correiobraziliense.com.br\/eixocapital\/wp-json\/wp\/v2\/media?parent=212"}],"wp:term":[{"taxonomy":"category","embeddable":true,"href":"https:\/\/blogs.correiobraziliense.com.br\/eixocapital\/wp-json\/wp\/v2\/categories?post=212"},{"taxonomy":"post_tag","embeddable":true,"href":"https:\/\/blogs.correiobraziliense.com.br\/eixocapital\/wp-json\/wp\/v2\/tags?post=212"}],"curies":[{"name":"wp","href":"https:\/\/api.w.org\/{rel}","templated":true}]}}