{"id":2117,"date":"2022-11-22T07:33:00","date_gmt":"2022-11-22T10:33:00","guid":{"rendered":"https:\/\/blogs.correiobraziliense.com.br\/eixocapital\/?p=2117"},"modified":"2022-11-22T07:33:00","modified_gmt":"2022-11-22T10:33:00","slug":"sebastiao-coelho-recebe-apoio-por-pedir-prisao-de-alexandre-de-moraes","status":"publish","type":"post","link":"https:\/\/blogs.correiobraziliense.com.br\/eixocapital\/2022\/11\/22\/sebastiao-coelho-recebe-apoio-por-pedir-prisao-de-alexandre-de-moraes\/","title":{"rendered":"Sebasti\u00e3o Coelho recebe apoio por pedir pris\u00e3o de Alexandre de Moraes"},"content":{"rendered":"<p><strong>Coluna Eixo Capital, por Ana Maria Campos<\/strong><\/p>\n<p>O pronunciamento do desembargador aposentado Sebasti\u00e3o Coelho chamou a aten\u00e7\u00e3o da comunidade jur\u00eddica ontem (21\/11). Muita gente estranhou a postura do magistrado que defendeu a pris\u00e3o do ministro Alexandre de Moraes, mas ele tamb\u00e9m recebeu o apoio de advogados que est\u00e3o incomodados com o poder do presidente do Tribunal Superior Eleitoral (TSE). No DF, como h\u00e1 uma maioria bolsonarista, segundo mostrou o resultado das elei\u00e7\u00f5es, Coelho vai se tornando popular. Muita gente aposta numa futura candidatura. Ele diz que n\u00e3o pensa em pol\u00edtica. Mas tem tudo para crescer nessa seara.<\/p>\n<h3>Diploma\u00e7\u00e3o no QG do Ex\u00e9rcito<\/h3>\n<p>O TRE-DF marcou para 19 de dezembro a cerim\u00f4nia de diploma\u00e7\u00e3o dos eleitos neste ano: o governador Ibaneis Rocha (MDB), a vice-governadora Celina Le\u00e3o (PP), a senadora Damares Alves (Republicanos), os oito deputados federais e 24 distritais. A solenidade ser\u00e1 realizada no Teatro Pedro Calmon, no QG do Ex\u00e9rcito.<\/p>\n<p><strong>Consci\u00eancia negra<br \/>\n<\/strong>O deputado distrital eleito Max Maciel (AP) participou ontem na C\u00e2mara dos Deputados, da sess\u00e3o solene em homenagem ao Dia Nacional da Consci\u00eancia Negra. Max destacou a import\u00e2ncia da juventude negra, o legado de Marielle Franco e apontou como a data \u00e9 fundamental para a resgatar as diversas lutas travadas pelo movimento negro.<\/p>\n<p><strong>Espa\u00e7o pol\u00edtico<br \/>\n<\/strong>Marcela Passamani volta ao governo Ibaneis como uma aposta. Al\u00e9m de secret\u00e1ria de Justi\u00e7a e Cidadania, a arquiteta e advogada ser\u00e1 presidente do MDB Mulher no DF. Ganha, assim, mais um espa\u00e7o de trabalho e visibilidade.<\/p>\n<p><strong>S\u00f3 papos<\/strong><\/p>\n<blockquote><p>&#8220;Est\u00e1 acontecendo um movimento muito forte nas casernas. Quest\u00e3o de horas, dias e talvez menos do que isso, que vai acontecer um desenlace bastante forte na na\u00e7\u00e3o&#8221;<br \/>\nMinistro Augusto Nardes, do TCU<\/p>\n<p>&#8220;O cara j\u00e1 foi do Arena, partido da ditadura, foi golpista no impeachment da presidenta Dilma, e segue sendo golpista em cargo t\u00e3o importante da Rep\u00fablica&#8221;<br \/>\nDeputado distrital Chico Vigilante (PT)<\/p><\/blockquote>\n","protected":false},"excerpt":{"rendered":"<p> No DF, como h\u00e1 uma maioria bolsonarista, segundo mostrou o resultado das elei\u00e7\u00f5es, Coelho vai se tornando popular. Ele nega inten\u00e7\u00f5es pol\u00edticas<\/p>\n","protected":false},"author":9,"featured_media":2118,"comment_status":"open","ping_status":"open","sticky":false,"template":"","format":"standard","meta":{"footnotes":""},"categories":[247],"tags":[594,528,636,111,207],"class_list":["post-2117","post","type-post","status-publish","format-standard","has-post-thumbnail","hentry","category-eixo-capital","tag-alexandre-de-moraes","tag-marcela-passamani","tag-max-maciel","tag-tre-df","tag-tse"],"_links":{"self":[{"href":"https:\/\/blogs.correiobraziliense.com.br\/eixocapital\/wp-json\/wp\/v2\/posts\/2117","targetHints":{"allow":["GET"]}}],"collection":[{"href":"https:\/\/blogs.correiobraziliense.com.br\/eixocapital\/wp-json\/wp\/v2\/posts"}],"about":[{"href":"https:\/\/blogs.correiobraziliense.com.br\/eixocapital\/wp-json\/wp\/v2\/types\/post"}],"author":[{"embeddable":true,"href":"https:\/\/blogs.correiobraziliense.com.br\/eixocapital\/wp-json\/wp\/v2\/users\/9"}],"replies":[{"embeddable":true,"href":"https:\/\/blogs.correiobraziliense.com.br\/eixocapital\/wp-json\/wp\/v2\/comments?post=2117"}],"version-history":[{"count":1,"href":"https:\/\/blogs.correiobraziliense.com.br\/eixocapital\/wp-json\/wp\/v2\/posts\/2117\/revisions"}],"predecessor-version":[{"id":2119,"href":"https:\/\/blogs.correiobraziliense.com.br\/eixocapital\/wp-json\/wp\/v2\/posts\/2117\/revisions\/2119"}],"wp:featuredmedia":[{"embeddable":true,"href":"https:\/\/blogs.correiobraziliense.com.br\/eixocapital\/wp-json\/wp\/v2\/media\/2118"}],"wp:attachment":[{"href":"https:\/\/blogs.correiobraziliense.com.br\/eixocapital\/wp-json\/wp\/v2\/media?parent=2117"}],"wp:term":[{"taxonomy":"category","embeddable":true,"href":"https:\/\/blogs.correiobraziliense.com.br\/eixocapital\/wp-json\/wp\/v2\/categories?post=2117"},{"taxonomy":"post_tag","embeddable":true,"href":"https:\/\/blogs.correiobraziliense.com.br\/eixocapital\/wp-json\/wp\/v2\/tags?post=2117"}],"curies":[{"name":"wp","href":"https:\/\/api.w.org\/{rel}","templated":true}]}}