{"id":2110,"date":"2022-11-05T22:08:39","date_gmt":"2022-11-06T01:08:39","guid":{"rendered":"https:\/\/blogs.correiobraziliense.com.br\/eixocapital\/?p=2110"},"modified":"2022-11-05T22:14:32","modified_gmt":"2022-11-06T01:14:32","slug":"ue-os-congressistas-eleitos-com-bolsonaro-permanecam-leais-aos-eleitores","status":"publish","type":"post","link":"https:\/\/blogs.correiobraziliense.com.br\/eixocapital\/2022\/11\/05\/ue-os-congressistas-eleitos-com-bolsonaro-permanecam-leais-aos-eleitores\/","title":{"rendered":"Thiago Manzoni: \u201cEspero que os congressistas eleitos com Bolsonaro permane\u00e7am leais aos eleitores\u201d"},"content":{"rendered":"<p><b>Da coluna Eixo Capital<\/b><\/p>\n<p>&nbsp;<\/p>\n<p><strong>\u00c0 Queima Roupa: Thiago Manzoni,\u00a0deputado distrital eleito pelo PL<\/strong><\/p>\n<blockquote><p>\u201cEspero que os congressistas eleitos na esteira do presidente Bolsonaro permane\u00e7am leais aos seus eleitores e ao que defenderam durante a campanha\u201d<\/p><\/blockquote>\n<p><strong><br \/>\nO presidente Jair Bolsonaro teve na elei\u00e7\u00e3o o apoio de quase 60% dos votos v\u00e1lidos.<\/strong><br \/>\n<strong>Acredita que o futuro presidente Lula ter\u00e1 uma rela\u00e7\u00e3o de conflito com o DF?<\/strong><br \/>\nN\u00e3o acredito em rela\u00e7\u00e3o conflituosa; at\u00e9 porque Bolsonaro venceu em 4 das 5 regi\u00f5es do pa\u00eds. Penso que o novo governo deve respeitar as opini\u00f5es divergentes e trabalhar para todos os brasileiros.<\/p>\n<p>&nbsp;<\/p>\n<p><b>Como, na sua opini\u00e3o, ser\u00e1 a rela\u00e7\u00e3o do governador Ibaneis Rocha com Lula?<\/b><br \/>\nPragm\u00e1tica e respeitosa, fazendo o necess\u00e1rio para executar uma boa gest\u00e3o no DF.<\/p>\n<p>&nbsp;<\/p>\n<p><strong>Qual vai ser a sua posi\u00e7\u00e3o na C\u00e2mara Legislativa em rela\u00e7\u00e3o ao governo Ibaneis? Ser\u00e1 base de apoio, independente ou oposi\u00e7\u00e3o?<\/strong><br \/>\nApoiar as pautas que far\u00e3o o DF avan\u00e7ar e questionar as que, eventualmente, apontem em sentido contr\u00e1rio. Permanecerei fiel aos meus princ\u00edpios e valores, atuando com a independ\u00eancia que todo parlamentar deve ter, sempre contribuindo para melhorar a vida do cidad\u00e3o do DF.<\/p>\n<p>&nbsp;<\/p>\n<p><strong>Qual vai ser o foco do seu mandato?<\/strong><br \/>\nOs pilares da minha campanha: fam\u00edlia, emprego e fiscaliza\u00e7\u00e3o.<\/p>\n<p>&nbsp;<\/p>\n<p><strong>Qual vai ser o seu primeiro projeto a apresentar assim que assumir?<\/strong><br \/>\nTenho alguns em mente; voltados \u00e0 prote\u00e7\u00e3o das nossas fam\u00edlias, nossas crian\u00e7as e da liberdade.<\/p>\n<p>&nbsp;<\/p>\n<p><strong>Voc\u00ea se elegeu com uma bandeira bolsonarista. Como esse perfil vai influenciar na sua atua\u00e7\u00e3o como deputado distrital?<\/strong><br \/>\nLuto por princ\u00edpios e valores que se alinham \u00e0queles defendidos pelo Presidente Bolsonaro. Continuarei a batalhar pela fam\u00edlia, pela liberdade, pela gera\u00e7\u00e3o de riqueza e para que a pol\u00edtica seja para o cidad\u00e3o. Penso que isso seja justo e moral. Esse ser\u00e1 o meu norte de atua\u00e7\u00e3o.<\/p>\n<p>&nbsp;<\/p>\n<p><strong>Acha que a deputada Bia Kicis deve assumir a presid\u00eancia do PL-DF?<\/strong><br \/>\nA Bia \u00e9 hoje a maior lideran\u00e7a conservadora no DF e uma das maiores do pa\u00eds; a Deputada Federal mais votada aqui e, proporcionalmente, a mais votada no Brasil. Ela possui as virtudes e a determina\u00e7\u00e3o necess\u00e1rias para ocupar a posi\u00e7\u00e3o que almejar. A meu ver, seria algo leg\u00edtimo e natural.<\/p>\n<p>&nbsp;<\/p>\n<p><strong>Acredita que o PL vai se aproximar de Lula no Congresso?<\/strong><br \/>\nO cen\u00e1rio pol\u00edtico nacional est\u00e1 passando por transforma\u00e7\u00f5es. Espero que os congressistas eleitos na esteira do presidente Bolsonaro permane\u00e7am leais aos seus eleitores e ao que defenderam durante a campanha.<\/p>\n","protected":false},"excerpt":{"rendered":"<p>Da coluna Eixo Capital &nbsp; \u00c0 Queima Roupa: Thiago Manzoni,\u00a0deputado distrital eleito pelo PL \u201cEspero que os congressistas eleitos na esteira do presidente Bolsonaro permane\u00e7am leais aos seus eleitores e ao que defenderam durante a campanha\u201d O presidente Jair Bolsonaro teve na elei\u00e7\u00e3o o apoio de quase 60% dos votos v\u00e1lidos. Acredita que o futuro presidente Lula ter\u00e1 uma rela\u00e7\u00e3o [&hellip;]<\/p>\n","protected":false},"author":9,"featured_media":2111,"comment_status":"open","ping_status":"open","sticky":false,"template":"","format":"standard","meta":{"footnotes":""},"categories":[247],"tags":[109,56,70,406,57,640],"class_list":["post-2110","post","type-post","status-publish","format-standard","has-post-thumbnail","hentry","category-eixo-capital","tag-bia-kicis","tag-bolsonaro","tag-camara-legislativa","tag-deputado-distrital","tag-pl","tag-thiago-manzoni"],"_links":{"self":[{"href":"https:\/\/blogs.correiobraziliense.com.br\/eixocapital\/wp-json\/wp\/v2\/posts\/2110","targetHints":{"allow":["GET"]}}],"collection":[{"href":"https:\/\/blogs.correiobraziliense.com.br\/eixocapital\/wp-json\/wp\/v2\/posts"}],"about":[{"href":"https:\/\/blogs.correiobraziliense.com.br\/eixocapital\/wp-json\/wp\/v2\/types\/post"}],"author":[{"embeddable":true,"href":"https:\/\/blogs.correiobraziliense.com.br\/eixocapital\/wp-json\/wp\/v2\/users\/9"}],"replies":[{"embeddable":true,"href":"https:\/\/blogs.correiobraziliense.com.br\/eixocapital\/wp-json\/wp\/v2\/comments?post=2110"}],"version-history":[{"count":2,"href":"https:\/\/blogs.correiobraziliense.com.br\/eixocapital\/wp-json\/wp\/v2\/posts\/2110\/revisions"}],"predecessor-version":[{"id":2113,"href":"https:\/\/blogs.correiobraziliense.com.br\/eixocapital\/wp-json\/wp\/v2\/posts\/2110\/revisions\/2113"}],"wp:featuredmedia":[{"embeddable":true,"href":"https:\/\/blogs.correiobraziliense.com.br\/eixocapital\/wp-json\/wp\/v2\/media\/2111"}],"wp:attachment":[{"href":"https:\/\/blogs.correiobraziliense.com.br\/eixocapital\/wp-json\/wp\/v2\/media?parent=2110"}],"wp:term":[{"taxonomy":"category","embeddable":true,"href":"https:\/\/blogs.correiobraziliense.com.br\/eixocapital\/wp-json\/wp\/v2\/categories?post=2110"},{"taxonomy":"post_tag","embeddable":true,"href":"https:\/\/blogs.correiobraziliense.com.br\/eixocapital\/wp-json\/wp\/v2\/tags?post=2110"}],"curies":[{"name":"wp","href":"https:\/\/api.w.org\/{rel}","templated":true}]}}