{"id":2097,"date":"2022-11-03T07:22:49","date_gmt":"2022-11-03T10:22:49","guid":{"rendered":"https:\/\/blogs.correiobraziliense.com.br\/eixocapital\/?p=2097"},"modified":"2022-11-03T07:23:07","modified_gmt":"2022-11-03T10:23:07","slug":"20-dos-candidatos-deixaram-de-prestar-contas-no-df","status":"publish","type":"post","link":"https:\/\/blogs.correiobraziliense.com.br\/eixocapital\/2022\/11\/03\/20-dos-candidatos-deixaram-de-prestar-contas-no-df\/","title":{"rendered":"20% dos candidatos deixaram de prestar contas no DF"},"content":{"rendered":"<p><strong>Coluna Eixo Capital, por Ana Maria Campos<\/strong><\/p>\n<p>O Tribunal Regional Eleitoral (TRE-DF) recebeu no prazo, encerrado ter\u00e7a-feira, 730 presta\u00e7\u00f5es de contas das elei\u00e7\u00f5es 2022, sendo 709 de candidatos e 21 de partidos. Todos os eleitos cumpriram a obriga\u00e7\u00e3o. Mas faltam, pelo menos, 150 presta\u00e7\u00f5es de contas, ou seja, quase 20%. A Justi\u00e7a Eleitoral ser\u00e1 camarada. Vai intimar esses candidatos e partidos a respeitar a obriga\u00e7\u00e3o em um prazo de tr\u00eas dias. Mas o presidente do TRE-DF, Roberval Belinati, alerta que quem n\u00e3o aproveitar essa oportunidade ficar\u00e1 ineleg\u00edvel para as pr\u00f3ximas elei\u00e7\u00f5es e poder\u00e1 ser condenado a devolver ao er\u00e1rio todos os recursos p\u00fablicos e privados recebidos como doa\u00e7\u00e3o para a campanha. At\u00e9 10 de dezembro, a Justi\u00e7a Eleitoral vai analisar todas as presta\u00e7\u00f5es de contas dos candidatos eleitos que ser\u00e3o diplomados em 19 de dezembro.<\/p>\n<h3>Passado sinaliza tranquilidade no DF<\/h3>\n<p>Em 2003, 20 anos atr\u00e1s, Luiz In\u00e1cio Lula da Silva tomava posse pela primeira vez como presidente do Brasil. No DF, Joaquim Roriz assumia o quarto mandato como governador, depois de uma campanha dura contra o petista Geraldo Magela. Roriz era aliado de Fernando Henrique Cardoso e apoiou o candidato tucano Jos\u00e9 Serra. Nem por isso houve grandes embates entre presidente e governador. Havia di\u00e1logo institucional, e Lula nunca tratou o DF como uma unidade da federa\u00e7\u00e3o inimiga, mesmo em um contexto em que petistas e rorizistas eram inimigos e havia um processo na Justi\u00e7a Eleitoral contra Roriz, movido pelo PT. Roriz acabou vencendo.<\/p>\n<p><strong>Aliado<br \/>\n<\/strong>O vice-governador do DF, Paco Britto, pode ajudar na boa rela\u00e7\u00e3o do GDF com o governo Lula. Ele \u00e9 presidente do Avante no DF, partido do deputado Andr\u00e9 Janones (MG), que liderou uma cruzada nas redes sociais contra o bolsonarismo.<\/p>\n<p><strong>Falta de empatia custou reelei\u00e7\u00e3o<br \/>\n<\/strong>O presidente Jair Bolsonaro (PL) e aliados cometeram alguns erros evidentes que podem ter custado a reelei\u00e7\u00e3o. Declara\u00e7\u00f5es do ministro da Economia, Paulo Guedes, os tiros e a granada do ex-deputado Roberto Jefferson em policiais federais, a arma em punho no meio de S\u00e3o Paulo da deputada Carla Zambelli (PL-SP) podem ter atrapalhado bastante. Mas um gesto de Bolsonaro foi crucial. Na pandemia, tirou votos de Bolsonaro a postura diante dos doentes com covid-19, ao dizer que era apenas uma &#8220;gripezinha&#8221;, que &#8220;n\u00e3o era coveiro&#8221;, ao imitar pessoas sufocadas e ao preferir n\u00e3o visitar nenhuma fam\u00edlia de luto pela crise sanit\u00e1ria. Faltou empatia em um momento de extrema tristeza no pa\u00eds. Em um cen\u00e1rio em que a diferen\u00e7a de votos foi de 2,1 milh\u00f5es, essa quest\u00e3o pode ter sido fundamental para a derrota.<\/p>\n<p><strong>Interc\u00e2mbio eleitoral<br \/>\n<\/strong>O advogado e ex-desembargador eleitoral do TRE-DF Bruno Martins, na condi\u00e7\u00e3o de anfitri\u00e3o da Miss\u00e3o de Observa\u00e7\u00e3o Eleitoral Internacional para as elei\u00e7\u00f5es gerais de outubro de 2022, recebeu, no escrit\u00f3rio para um coquetel de boas-vindas na semana passada, o diretor da Transparencia Electoral, Leandro Querido, a ju\u00edza do Consejo Nacional Electoral da Colombia Maritza Mart\u00ednez e a vocal do Consejo Nacional Electoral do Equador Esthela Acero. Bruno Martins se prepara para embarcar para os Estados Unidos e acompanhar na pr\u00f3xima semana as tradicionais &#8220;midterms&#8221;, as elei\u00e7\u00f5es de meio de mandato dos presidentes. Est\u00e3o em disputa 35 das 100 cadeiras do Senado e as 435 vagas da C\u00e2mara, al\u00e9m de 36 dos 50 cargos de governadores.<\/p>\n","protected":false},"excerpt":{"rendered":"<p>A Justi\u00e7a Eleitoral ser\u00e1 camarada. Vai intimar esses candidatos e partidos a respeitar a obriga\u00e7\u00e3o em um prazo de tr\u00eas dias<\/p>\n","protected":false},"author":9,"featured_media":2098,"comment_status":"open","ping_status":"open","sticky":false,"template":"","format":"standard","meta":{"footnotes":""},"categories":[247],"tags":[56,29,433,496],"class_list":["post-2097","post","type-post","status-publish","format-standard","has-post-thumbnail","hentry","category-eixo-capital","tag-bolsonaro","tag-eleicoes-2022","tag-lula","tag-tre"],"_links":{"self":[{"href":"https:\/\/blogs.correiobraziliense.com.br\/eixocapital\/wp-json\/wp\/v2\/posts\/2097","targetHints":{"allow":["GET"]}}],"collection":[{"href":"https:\/\/blogs.correiobraziliense.com.br\/eixocapital\/wp-json\/wp\/v2\/posts"}],"about":[{"href":"https:\/\/blogs.correiobraziliense.com.br\/eixocapital\/wp-json\/wp\/v2\/types\/post"}],"author":[{"embeddable":true,"href":"https:\/\/blogs.correiobraziliense.com.br\/eixocapital\/wp-json\/wp\/v2\/users\/9"}],"replies":[{"embeddable":true,"href":"https:\/\/blogs.correiobraziliense.com.br\/eixocapital\/wp-json\/wp\/v2\/comments?post=2097"}],"version-history":[{"count":1,"href":"https:\/\/blogs.correiobraziliense.com.br\/eixocapital\/wp-json\/wp\/v2\/posts\/2097\/revisions"}],"predecessor-version":[{"id":2099,"href":"https:\/\/blogs.correiobraziliense.com.br\/eixocapital\/wp-json\/wp\/v2\/posts\/2097\/revisions\/2099"}],"wp:featuredmedia":[{"embeddable":true,"href":"https:\/\/blogs.correiobraziliense.com.br\/eixocapital\/wp-json\/wp\/v2\/media\/2098"}],"wp:attachment":[{"href":"https:\/\/blogs.correiobraziliense.com.br\/eixocapital\/wp-json\/wp\/v2\/media?parent=2097"}],"wp:term":[{"taxonomy":"category","embeddable":true,"href":"https:\/\/blogs.correiobraziliense.com.br\/eixocapital\/wp-json\/wp\/v2\/categories?post=2097"},{"taxonomy":"post_tag","embeddable":true,"href":"https:\/\/blogs.correiobraziliense.com.br\/eixocapital\/wp-json\/wp\/v2\/tags?post=2097"}],"curies":[{"name":"wp","href":"https:\/\/api.w.org\/{rel}","templated":true}]}}