{"id":2087,"date":"2022-11-01T07:22:24","date_gmt":"2022-11-01T10:22:24","guid":{"rendered":"https:\/\/blogs.correiobraziliense.com.br\/eixocapital\/?p=2087"},"modified":"2022-11-01T07:22:24","modified_gmt":"2022-11-01T10:22:24","slug":"tarcisio-de-freitas-romeu-zema-e-eduardo-leite-sao-candidatos-a-liderar-a-direita-em-2026","status":"publish","type":"post","link":"https:\/\/blogs.correiobraziliense.com.br\/eixocapital\/2022\/11\/01\/tarcisio-de-freitas-romeu-zema-e-eduardo-leite-sao-candidatos-a-liderar-a-direita-em-2026\/","title":{"rendered":"Tarc\u00edsio de Freitas, Romeu Zema e Eduardo Leite s\u00e3o candidatos a liderar a direita em 2026"},"content":{"rendered":"<p><strong>Coluna Eixo Capital, por Ana Maria Campos<\/strong><\/p>\n<p>A grande inc\u00f3gnita agora \u00e9 saber quem ser\u00e1 o principal nome da oposi\u00e7\u00e3o ao governo Lula. Na condi\u00e7\u00e3o de l\u00edder do bolsonarismo, Jair Bolsonaro \u00e9 o protagonista natural. Mas h\u00e1 outros, como o futuro governador de S\u00e3o Paulo, Tarc\u00edsio de Freitas (Republicanos), ou o de Minas Gerais, Romeu Zema (Novo). No Rio Grande do Sul, Eduardo Leite (PSDB) que se elegeu novamente j\u00e1 demonstrou que tem projeto nacional. Talvez por esse motivo o tucano preferiu n\u00e3o declarar a prefer\u00eancia no segundo turno da disputa presidencial. A deputada Bia Kicis (PL-DF) aposta que o\u00a0 presidente Jair Bolsonaro \u00e9 um candidato forte para 2026.<\/p>\n<p><strong>Disputa \u00e0 vista<br \/>\n<\/strong>Eleito deputado distrital pelo PSol, Max Maciel aposta que haver\u00e1 um embate na base bolsonarista. &#8220;O que a extrema direita vai brigar entre si para disputar o esp\u00f3lio do Bolsonaro \u00e9 brincadeira&#8221;, escreveu no Twitter.<\/p>\n<h3>Fim da polariza\u00e7\u00e3o<\/h3>\n<p>O deputado reeleito Rob\u00e9rio Negreiros (PSD) passou a campanha em neutralidade, sem campanha ostensiva a Lula ou a Bolsonaro. Nas redes sociais ontem, ele defendeu a uni\u00e3o. &#8220;Agora, \u00e9 importante darmos um fim \u00e0 polariza\u00e7\u00e3o e nos unirmos como irm\u00e3os, como na\u00e7\u00e3o, e torcermos por um mandato voltado ao crescimento econ\u00f4mico e social do nosso querido Brasil&#8221;, afirmou o deputado, um dos nomes cotados para a Presid\u00eancia da C\u00e2mara Legislativa no pr\u00f3ximo mandato.<\/p>\n<p><strong>Feito \u00fanico<br \/>\n<\/strong>O governador do Esp\u00edrito Santo, Renato Casagrande (PSB), foi o \u00fanico candidato de um partido de esquerda e da base de Lula a vencer a elei\u00e7\u00e3o em eleitorado pr\u00f3-Bolsonaro. Casagrande teve 53,8% dos votos no segundo turno, contra 46,2% de Manato (PL), e se reelegeu em uma das 14 unidades da federa\u00e7\u00e3o que deram vit\u00f3ria a Bolsonaro. L\u00e1 o presidente teve 58,04% dos votos e Lula, 41,96%.<\/p>\n","protected":false},"excerpt":{"rendered":"<p>A grande inc\u00f3gnita \u00e9 saber quem ser\u00e1 o principal nome da oposi\u00e7\u00e3o ao governo Lula. Jair Bolsonaro \u00e9 o protagonista natural, mas h\u00e1 outros.<\/p>\n","protected":false},"author":9,"featured_media":2088,"comment_status":"open","ping_status":"open","sticky":false,"template":"","format":"standard","meta":{"footnotes":""},"categories":[247],"tags":[633,636,637,635,634],"class_list":["post-2087","post","type-post","status-publish","format-standard","has-post-thumbnail","hentry","category-eixo-capital","tag-eduardo-leite","tag-max-maciel","tag-roberio-negreiros","tag-romeu-zema","tag-tarcisio-de-freitas"],"_links":{"self":[{"href":"https:\/\/blogs.correiobraziliense.com.br\/eixocapital\/wp-json\/wp\/v2\/posts\/2087","targetHints":{"allow":["GET"]}}],"collection":[{"href":"https:\/\/blogs.correiobraziliense.com.br\/eixocapital\/wp-json\/wp\/v2\/posts"}],"about":[{"href":"https:\/\/blogs.correiobraziliense.com.br\/eixocapital\/wp-json\/wp\/v2\/types\/post"}],"author":[{"embeddable":true,"href":"https:\/\/blogs.correiobraziliense.com.br\/eixocapital\/wp-json\/wp\/v2\/users\/9"}],"replies":[{"embeddable":true,"href":"https:\/\/blogs.correiobraziliense.com.br\/eixocapital\/wp-json\/wp\/v2\/comments?post=2087"}],"version-history":[{"count":1,"href":"https:\/\/blogs.correiobraziliense.com.br\/eixocapital\/wp-json\/wp\/v2\/posts\/2087\/revisions"}],"predecessor-version":[{"id":2089,"href":"https:\/\/blogs.correiobraziliense.com.br\/eixocapital\/wp-json\/wp\/v2\/posts\/2087\/revisions\/2089"}],"wp:featuredmedia":[{"embeddable":true,"href":"https:\/\/blogs.correiobraziliense.com.br\/eixocapital\/wp-json\/wp\/v2\/media\/2088"}],"wp:attachment":[{"href":"https:\/\/blogs.correiobraziliense.com.br\/eixocapital\/wp-json\/wp\/v2\/media?parent=2087"}],"wp:term":[{"taxonomy":"category","embeddable":true,"href":"https:\/\/blogs.correiobraziliense.com.br\/eixocapital\/wp-json\/wp\/v2\/categories?post=2087"},{"taxonomy":"post_tag","embeddable":true,"href":"https:\/\/blogs.correiobraziliense.com.br\/eixocapital\/wp-json\/wp\/v2\/tags?post=2087"}],"curies":[{"name":"wp","href":"https:\/\/api.w.org\/{rel}","templated":true}]}}