{"id":2084,"date":"2022-10-31T07:33:31","date_gmt":"2022-10-31T10:33:31","guid":{"rendered":"https:\/\/blogs.correiobraziliense.com.br\/eixocapital\/?p=2084"},"modified":"2022-10-31T07:33:31","modified_gmt":"2022-10-31T10:33:31","slug":"lula-governara-em-uma-unidade-da-federacao-que-prefere-bolsonaro","status":"publish","type":"post","link":"https:\/\/blogs.correiobraziliense.com.br\/eixocapital\/2022\/10\/31\/lula-governara-em-uma-unidade-da-federacao-que-prefere-bolsonaro\/","title":{"rendered":"Lula governar\u00e1 em uma unidade da Federa\u00e7\u00e3o que prefere Bolsonaro"},"content":{"rendered":"<p><strong>Coluna Eixo Capital, por Ana Maria Campos<\/strong><\/p>\n<p>Luiz In\u00e1cio Lula da Silva vai governar em uma unidade da federa\u00e7\u00e3o que prefere Jair Bolsonaro. No segundo turno, <a href=\"https:\/\/www.correiobraziliense.com.br\/cidades-df\/2022\/10\/5048190-em-relacao-ao-1-turno-votos-de-lula-e-bolsonaro-crescem-no-df.html\"><strong>o presidente ampliou a lideran\u00e7a e fechou com 58,81% entre os eleitores do Distrito Federal<\/strong><\/a>. O petista ficou com 41,19%. Bolsonaro teve 130.934 votos a mais e encerrou a elei\u00e7\u00e3o com 1.041.331 votos. Lula conseguiu mais 79.761 votos e ficou com 729.295 votos. A virada petista n\u00e3o ocorreu. A for\u00e7a de Bolsonaro na capital do pa\u00eds somente se alargou.<\/p>\n<h3><strong>Absten\u00e7\u00e3o diminuiu pouco<\/strong><\/h3>\n<p>Mesmo com passe liberado nos \u00f4nibus do DF, a absten\u00e7\u00e3o na elei\u00e7\u00e3o se manteve no mesmo patamar. A diferen\u00e7a foi de apenas 17.960 pessoas a mais no segundo turno. A absten\u00e7\u00e3o de ontem ficou em 16,72%. Significa que 369.136 eleitores deixaram de votar. No primeiro turno, o percentual foi de 17,54%, o que corresponde a 387.096 pessoas. Os brancos e nulos somaram 57.325 eleitores. Agora foram 67.866.<\/p>\n<p><strong>Dia em ora\u00e7\u00e3o<br \/>\n<\/strong>A primeira-dama Michelle Bolsonaro passou o dia ontem em ora\u00e7\u00f5es na Resid\u00eancia Oficial da Granja do Torto. O presidente Jair Bolsonaro esteve l\u00e1, mas depois o casal seguiu para o Pal\u00e1cio da Alvorada. Michelle mergulhou de cabe\u00e7a na campanha, principalmente no segundo turno, quando liderou a caravana das mulheres, com viagens a v\u00e1rias cidades em que defendeu a reelei\u00e7\u00e3o do marido. Teve uma atua\u00e7\u00e3o importante para somar votos, ao lado da vice-governadora eleita do DF, Celina Le\u00e3o (PP), e da senadora eleita Damares Alves (Republicanos-DF), al\u00e9m de outras deputadas bolsonaristas. Mas n\u00e3o foi suficiente.<\/p>\n<p><strong>Diferen\u00e7as de lado<br \/>\n<\/strong>O governador Ibaneis Rocha (MDB) fez o primeiro gesto para a boa conviv\u00eancia com Lula. Pelas redes sociais, o emedebista registrou: &#8220;As diferen\u00e7as devem ser colocadas de lado porque os desafios s\u00e3o imensos e s\u00f3 a uni\u00e3o de todos os eleitos pode solucionar os muitos problemas que se apresentar\u00e3o a partir de janeiro&#8221;.<\/p>\n<p><strong>Brasil de todos<br \/>\n<\/strong>O deputado distrital F\u00e1bio F\u00e9lix (PSol) votou ontem em Lula, em uma escola da Asa Norte, com a bandeira do Brasil customizada, identificada com a causa LGBTQIA .<\/p>\n<p><strong>Grass comemora vit\u00f3ria de Lula em S\u00e3o Paulo<br \/>\n<\/strong>Depois de votar em escola do Guar\u00e1, o deputado distrital Leandro Grass (PV) embarcou para S\u00e3o Paulo ontem \u00e0 tarde para acompanhar a apura\u00e7\u00e3o dos votos ao lado de aliados do petista e a comemora\u00e7\u00e3o pela vit\u00f3ria ao lado de pol\u00edticos como Andr\u00e9 Janones, Benedita da Silva, Jo\u00e3o Campos, Fabiano Contarato e Randolfe Rodrigues, al\u00e9m do vice-presidente eleito, Geraldo Alckmin.<\/p>\n<p><strong>Prudente parabeniza Lula<br \/>\n<\/strong>Presidente do MDB-DF, o deputado federal eleito Rafael Prudente parabenizou Lula pelo resultado do segundo turno. &#8220;Quero parabenizar o ex-presidente Luiz In\u00e1cio Lula da Silva pela vit\u00f3ria nas urnas, e estou certo que o pa\u00eds ter\u00e1 espa\u00e7o para um di\u00e1logo direto e franco em busca de muitas conquistas para o nosso Distrito Federal e para o pa\u00eds. Parab\u00e9ns tamb\u00e9m a todos os cidad\u00e3os brasileiros que participaram deste processo democr\u00e1tico exercendo sua cidadania&#8221;, disse em nota. E acrescentou: &#8220;O resultado da elei\u00e7\u00e3o deste domingo mostra o sentimento do povo brasileiro. Foi mais uma demonstra\u00e7\u00e3o de que nossa democracia \u00e9 uma realidade e est\u00e1 cada vez mais forte&#8221;. O presidente da C\u00e2mara Legislativa manteve-se discreto em manifesta\u00e7\u00f5es na disputa entre Lula e Bolsonaro, embora tenha defendido voto pela reelei\u00e7\u00e3o do atual presidente.<\/p>\n<p><strong>Esquerda deu certo<br \/>\n<\/strong>Dona Teresa Rollemberg, 91 anos, fez quest\u00e3o de votar no segundo turno. A m\u00e3e do ex-governador Rodrigo Rollemberg (PSB) contou que teve dificuldades com a identifica\u00e7\u00e3o digital. &#8220;Passava meu polegar e a m\u00e1quina n\u00e3o funcionava, tr\u00eas, quatro vezes. Eu disse: &#8216;vou tentar a m\u00e3o esquerda&#8217;. Imediatamente a maquininha funcionou. Eu, inocentemente, comentei: a esquerda est\u00e1 melhor!&#8221;, conta. Foi uma gargalhada geral, dos atendentes e da fila de espera.<\/p>\n","protected":false},"excerpt":{"rendered":"<p>No segundo turno, o presidente ampliou a lideran\u00e7a e fechou com 58,81% entre os eleitores do Distrito Federal. O petista ficou com 41,19%. <\/p>\n","protected":false},"author":9,"featured_media":2085,"comment_status":"open","ping_status":"open","sticky":false,"template":"","format":"standard","meta":{"footnotes":""},"categories":[247],"tags":[56,29,385,160,433],"class_list":["post-2084","post","type-post","status-publish","format-standard","has-post-thumbnail","hentry","category-eixo-capital","tag-bolsonaro","tag-eleicoes-2022","tag-fabio-felix","tag-leandro-grass","tag-lula"],"_links":{"self":[{"href":"https:\/\/blogs.correiobraziliense.com.br\/eixocapital\/wp-json\/wp\/v2\/posts\/2084","targetHints":{"allow":["GET"]}}],"collection":[{"href":"https:\/\/blogs.correiobraziliense.com.br\/eixocapital\/wp-json\/wp\/v2\/posts"}],"about":[{"href":"https:\/\/blogs.correiobraziliense.com.br\/eixocapital\/wp-json\/wp\/v2\/types\/post"}],"author":[{"embeddable":true,"href":"https:\/\/blogs.correiobraziliense.com.br\/eixocapital\/wp-json\/wp\/v2\/users\/9"}],"replies":[{"embeddable":true,"href":"https:\/\/blogs.correiobraziliense.com.br\/eixocapital\/wp-json\/wp\/v2\/comments?post=2084"}],"version-history":[{"count":1,"href":"https:\/\/blogs.correiobraziliense.com.br\/eixocapital\/wp-json\/wp\/v2\/posts\/2084\/revisions"}],"predecessor-version":[{"id":2086,"href":"https:\/\/blogs.correiobraziliense.com.br\/eixocapital\/wp-json\/wp\/v2\/posts\/2084\/revisions\/2086"}],"wp:featuredmedia":[{"embeddable":true,"href":"https:\/\/blogs.correiobraziliense.com.br\/eixocapital\/wp-json\/wp\/v2\/media\/2085"}],"wp:attachment":[{"href":"https:\/\/blogs.correiobraziliense.com.br\/eixocapital\/wp-json\/wp\/v2\/media?parent=2084"}],"wp:term":[{"taxonomy":"category","embeddable":true,"href":"https:\/\/blogs.correiobraziliense.com.br\/eixocapital\/wp-json\/wp\/v2\/categories?post=2084"},{"taxonomy":"post_tag","embeddable":true,"href":"https:\/\/blogs.correiobraziliense.com.br\/eixocapital\/wp-json\/wp\/v2\/tags?post=2084"}],"curies":[{"name":"wp","href":"https:\/\/api.w.org\/{rel}","templated":true}]}}