{"id":2066,"date":"2022-10-27T07:39:47","date_gmt":"2022-10-27T10:39:47","guid":{"rendered":"https:\/\/blogs.correiobraziliense.com.br\/eixocapital\/?p=2066"},"modified":"2022-10-27T07:39:47","modified_gmt":"2022-10-27T10:39:47","slug":"dois-aliados-de-ibaneis-surgem-no-cenario-da-proxima-disputa-pelo-gdf","status":"publish","type":"post","link":"https:\/\/blogs.correiobraziliense.com.br\/eixocapital\/2022\/10\/27\/dois-aliados-de-ibaneis-surgem-no-cenario-da-proxima-disputa-pelo-gdf\/","title":{"rendered":"Dois aliados de Ibaneis surgem no cen\u00e1rio da pr\u00f3xima disputa pelo GDF"},"content":{"rendered":"<p><strong>Coluna Eixo Capital, por Ana Maria Campos<\/strong><\/p>\n<p>Um embate come\u00e7a a se desenhar na pol\u00edtica do Distrito Federal. Os dois principais nomes, at\u00e9 o momento, para a pr\u00f3xima disputa ao Pal\u00e1cio do Buriti, contando com o apoio do governador reeleito Ibaneis Rocha (MDB), v\u00e3o se empenhar para chegar l\u00e1. A vice-governadora eleita Celina Le\u00e3o (PP) e o deputado federal eleito Rafael Prudente (MDB) demonstram que sonham com o Governo do Distrito Federal.<\/p>\n<h3><strong>De pai para filho<\/strong><\/h3>\n<p>O governador Ibaneis Rocha (MDB) voltou \u00e0s bases ontem, ao participar da entrega das carteiras da OAB-DF a novos advogados, entre os quais o filho, Caio Rocha. O jovem vai seguir a carreira do pai.<\/p>\n<p><strong>Caravana das mulheres bolsonaristas chega ao DF<br \/>\n<\/strong>As mulheres da campanha de Jair Bolsonaro estar\u00e3o juntas, hoje, em evento no est\u00e1dio Man\u00e9 Garrincha, capitaneado pela primeira-dama, Michelle Bolsonaro. A caravana que passou por diversas cidades brasileiras \u00e9 integrada tamb\u00e9m pela vice-governadora eleita do DF, Celina Le\u00e3o (PP), e a senadora eleita Damares Alves (Republicanos). Na edi\u00e7\u00e3o de Bras\u00edlia, o ato de campanha contar\u00e1 tamb\u00e9m com a deputada federal reeleita Bia Kicis (PL). O evento \u00e9 aberto ao p\u00fablico. O movimento surgiu como uma estrat\u00e9gia para conquistar as eleitoras femininas.<\/p>\n<p><strong>Trabalho de convencimento<br \/>\n<\/strong>O deputado distrital Leandro Grass (PV) montou uma banquinha no Setor Comercial Sul para debater com eleitores e, principalmente, tentar convencer indecisos a votarem em Lula.<\/p>\n<p><strong>Lula Day<br \/>\n<\/strong>Hoje \u00e9 o anivers\u00e1rio do ex-presidente Lula e os aliados no DF preparam o Lula Day. Haver\u00e1 50 pontos de panfletagem em escolas e universidades de diversas regi\u00f5es do DF, como Gama, Ceil\u00e2ndia, Itapo\u00e3, Taguatinga, S\u00e3o Sebasti\u00e3o e Sobradinho.<\/p>\n<p><strong>Dia de corpo a corpo<br \/>\n<\/strong>No s\u00e1bado, v\u00e9spera do segundo turno, o deputado F\u00e1bio F\u00e9lix (PSol), campe\u00e3o de votos na disputa \u00e0 C\u00e2mara Legislativa, passar\u00e1 o dia no Guar\u00e1, uma das cidades em que foi mais votado para pedir votos para Lula. &#8220;A ideia \u00e9 jogar tudo nessa reta final&#8221;, conta F\u00e9lix.<\/p>\n<p><strong>Compromisso com policiais<br \/>\n<\/strong>Representantes de sindicatos e associa\u00e7\u00f5es que representam a Pol\u00edcia Civil do Distrito Federal (PCDF) ouviram dos deputados distritais eleitos Wellington Luiz (MDB) e Jane Kl\u00e9bia (Agir) o compromisso de trabalho pelas principais demandas dos policiais civis para os pr\u00f3ximos anos, em especial a recomposi\u00e7\u00e3o salarial. Logo depois do primeiro turno, o governador Ibaneis Rocha (MDB) prometeu \u00e0s for\u00e7as de seguran\u00e7a do DF reajuste de 18%, em parcela \u00fanica. &#8220;Al\u00e9m da alta defasagem salarial, os policiais civis enfrentam dificuldades di\u00e1rias no trabalho em raz\u00e3o do d\u00e9ficit no quadro de servidores, que, atualmente, ultrapassa 55%&#8221;, explica Enoque Ven\u00e2ncio, presidente do Sinpol-DF.<\/p>\n","protected":false},"excerpt":{"rendered":"<p> vice-governadora eleita Celina Le\u00e3o (PP) e o deputado federal eleito Rafael Prudente (MDB) demonstram que sonham com o Governo do Distrito Federal<\/p>\n","protected":false},"author":9,"featured_media":2067,"comment_status":"open","ping_status":"open","sticky":false,"template":"","format":"standard","meta":{"footnotes":""},"categories":[247],"tags":[29,53,433,270],"class_list":["post-2066","post","type-post","status-publish","format-standard","has-post-thumbnail","hentry","category-eixo-capital","tag-eleicoes-2022","tag-ibaneis-rocha","tag-lula","tag-pcdf"],"_links":{"self":[{"href":"https:\/\/blogs.correiobraziliense.com.br\/eixocapital\/wp-json\/wp\/v2\/posts\/2066","targetHints":{"allow":["GET"]}}],"collection":[{"href":"https:\/\/blogs.correiobraziliense.com.br\/eixocapital\/wp-json\/wp\/v2\/posts"}],"about":[{"href":"https:\/\/blogs.correiobraziliense.com.br\/eixocapital\/wp-json\/wp\/v2\/types\/post"}],"author":[{"embeddable":true,"href":"https:\/\/blogs.correiobraziliense.com.br\/eixocapital\/wp-json\/wp\/v2\/users\/9"}],"replies":[{"embeddable":true,"href":"https:\/\/blogs.correiobraziliense.com.br\/eixocapital\/wp-json\/wp\/v2\/comments?post=2066"}],"version-history":[{"count":1,"href":"https:\/\/blogs.correiobraziliense.com.br\/eixocapital\/wp-json\/wp\/v2\/posts\/2066\/revisions"}],"predecessor-version":[{"id":2068,"href":"https:\/\/blogs.correiobraziliense.com.br\/eixocapital\/wp-json\/wp\/v2\/posts\/2066\/revisions\/2068"}],"wp:featuredmedia":[{"embeddable":true,"href":"https:\/\/blogs.correiobraziliense.com.br\/eixocapital\/wp-json\/wp\/v2\/media\/2067"}],"wp:attachment":[{"href":"https:\/\/blogs.correiobraziliense.com.br\/eixocapital\/wp-json\/wp\/v2\/media?parent=2066"}],"wp:term":[{"taxonomy":"category","embeddable":true,"href":"https:\/\/blogs.correiobraziliense.com.br\/eixocapital\/wp-json\/wp\/v2\/categories?post=2066"},{"taxonomy":"post_tag","embeddable":true,"href":"https:\/\/blogs.correiobraziliense.com.br\/eixocapital\/wp-json\/wp\/v2\/tags?post=2066"}],"curies":[{"name":"wp","href":"https:\/\/api.w.org\/{rel}","templated":true}]}}