{"id":2033,"date":"2022-10-15T14:56:54","date_gmt":"2022-10-15T17:56:54","guid":{"rendered":"https:\/\/blogs.correiobraziliense.com.br\/eixocapital\/?p=2033"},"modified":"2022-10-15T14:56:54","modified_gmt":"2022-10-15T17:56:54","slug":"psb-entra-na-justica-para-que-vaga-de-gilvan-seja-transferida-para-rollemberg","status":"publish","type":"post","link":"https:\/\/blogs.correiobraziliense.com.br\/eixocapital\/2022\/10\/15\/psb-entra-na-justica-para-que-vaga-de-gilvan-seja-transferida-para-rollemberg\/","title":{"rendered":"PSB entra na Justi\u00e7a para que vaga de Gilvan seja transferida para Rollemberg"},"content":{"rendered":"<p><strong>Coluna Eixo Capital, por Ana Maria Campos<\/strong><\/p>\n<p>O PSB entrou com uma reclama\u00e7\u00e3o na Justi\u00e7a Eleitoral para pedir uma reavalia\u00e7\u00e3o dos crit\u00e9rios adotados pelo TRE-DF para apontar os candidatos eleitos a deputado federal. Essa \u00e9 uma matem\u00e1tica com crit\u00e9rios que envolvem o coeficiente eleitoral, base para a defini\u00e7\u00e3o de quem est\u00e1 dentro ou fora. A conta \u00e9 feita numa divis\u00e3o do n\u00famero de eleitores pelas vagas que, no caso da C\u00e2mara dos Deputados, s\u00e3o oito no DF. O coeficiente eleitoral desse pleito foi 200.940. A Justi\u00e7a Eleitoral considerou que s\u00e3o eleitos os candidatos de partidos que atingirem a cl\u00e1usula de barreira, ou seja, 80% do coeficiente. O PSB teve 135.257 e n\u00e3o chegou l\u00e1. Agora o partido pede que a regra dos 80% seja desprezada e a Justi\u00e7a Eleitoral leve em conta as maiores m\u00e9dias. Assim, Rodrigo Rollemberg (PSB), que obteve 51.926, votos entraria na oitava vaga, que ficou com Gilvan M\u00e1ximo (Republicanos), com 20.923 votos.<\/p>\n<h3>Exonera\u00e7\u00f5es e disputas<\/h3>\n<p>Na Pol\u00edcia Civil do DF, h\u00e1 uma aposta de que Robson C\u00e2ndido fica onde est\u00e1 como delegado-geral. Mas outros nomes correm por fora. \u00c9 o caso do atual corregedor-geral, Adval Cardoso de Matos, e os delegados Maur\u00edlio de Moura Lima Rocha e Gilberto Alves Maranh\u00e3o Bezerra, sempre cotados quando o comando da PCDF est\u00e1 em discuss\u00e3o. Maur\u00edlio e Maranh\u00e3o eram da equipe da Secretaria de Economia do DF, da confian\u00e7a do conselheiro Andr\u00e9 Clemente, do Tribunal de Contas do DF (TCDF) que esteve \u00e0 frente da pasta, e retornaram para a Pol\u00edcia Civil na semana passada. Os delegados foram exonerados pelo governador Ibaneis Rocha (MDB) dos cargos na secretaria, em meio a v\u00e1rias mudan\u00e7as que est\u00e3o ocorrendo na \u00e1rea, inclusive com a cria\u00e7\u00e3o da Secretaria de Planejamento do DF.<\/p>\n<p><strong>Aliado<br \/>\n<\/strong>O atual diretor-geral da Pol\u00edcia Civil do DF, Robson C\u00e2ndido, tem um importante aliado na base do governador Ibaneis Rocha (MDB): o deputado distrital eleito Wellington Luiz (MDB), cotado para se eleger presidente da C\u00e2mara Legislativa para o pr\u00f3ximo bi\u00eanio.<\/p>\n<p><strong>De olho<br \/>\n<\/strong>A Transpar\u00eancia Eleitoral Brasil estar\u00e1 hoje no TRE acompanhando o processo de prepara\u00e7\u00e3o das urnas que ser\u00e3o utilizadas pelos eleitores do DF no segundo turno. A ONG tem 90 observadores se revezando para verificar os v\u00e1rios momentos da campanha, organiza\u00e7\u00e3o e log\u00edstica das urnas e o dia da vota\u00e7\u00e3o at\u00e9 a divulga\u00e7\u00e3o do resultado final das elei\u00e7\u00f5es pela Justi\u00e7a Eleitoral. Ao final, o relat\u00f3rio com os registros feitos pelos observadores \u00e9 divulgado e registrado no Tribunal Superior Eleitoral (TSE). Esta \u00e9 a segunda Miss\u00e3o de Observa\u00e7\u00e3o Eleitoral Nacional da Transpar\u00eancia Eleitoral Brasil, que foi pioneira como observadora nacional nas elei\u00e7\u00f5es de 2020.<\/p>\n","protected":false},"excerpt":{"rendered":"<p>O PSB pede que a regra dos 80% seja desprezada e a Justi\u00e7a Eleitoral leve em conta as maiores m\u00e9dias. Assim, Rodrigo Rollemberg entraria na oitava vaga<\/p>\n","protected":false},"author":9,"featured_media":2034,"comment_status":"open","ping_status":"open","sticky":false,"template":"","format":"standard","meta":{"footnotes":""},"categories":[247],"tags":[101,29,121,85],"class_list":["post-2033","post","type-post","status-publish","format-standard","has-post-thumbnail","hentry","category-eixo-capital","tag-camara-dos-deputados","tag-eleicoes-2022","tag-policia-civil","tag-rodrigo-rollemberg"],"_links":{"self":[{"href":"https:\/\/blogs.correiobraziliense.com.br\/eixocapital\/wp-json\/wp\/v2\/posts\/2033","targetHints":{"allow":["GET"]}}],"collection":[{"href":"https:\/\/blogs.correiobraziliense.com.br\/eixocapital\/wp-json\/wp\/v2\/posts"}],"about":[{"href":"https:\/\/blogs.correiobraziliense.com.br\/eixocapital\/wp-json\/wp\/v2\/types\/post"}],"author":[{"embeddable":true,"href":"https:\/\/blogs.correiobraziliense.com.br\/eixocapital\/wp-json\/wp\/v2\/users\/9"}],"replies":[{"embeddable":true,"href":"https:\/\/blogs.correiobraziliense.com.br\/eixocapital\/wp-json\/wp\/v2\/comments?post=2033"}],"version-history":[{"count":1,"href":"https:\/\/blogs.correiobraziliense.com.br\/eixocapital\/wp-json\/wp\/v2\/posts\/2033\/revisions"}],"predecessor-version":[{"id":2035,"href":"https:\/\/blogs.correiobraziliense.com.br\/eixocapital\/wp-json\/wp\/v2\/posts\/2033\/revisions\/2035"}],"wp:featuredmedia":[{"embeddable":true,"href":"https:\/\/blogs.correiobraziliense.com.br\/eixocapital\/wp-json\/wp\/v2\/media\/2034"}],"wp:attachment":[{"href":"https:\/\/blogs.correiobraziliense.com.br\/eixocapital\/wp-json\/wp\/v2\/media?parent=2033"}],"wp:term":[{"taxonomy":"category","embeddable":true,"href":"https:\/\/blogs.correiobraziliense.com.br\/eixocapital\/wp-json\/wp\/v2\/categories?post=2033"},{"taxonomy":"post_tag","embeddable":true,"href":"https:\/\/blogs.correiobraziliense.com.br\/eixocapital\/wp-json\/wp\/v2\/tags?post=2033"}],"curies":[{"name":"wp","href":"https:\/\/api.w.org\/{rel}","templated":true}]}}