{"id":1997,"date":"2022-10-02T07:07:58","date_gmt":"2022-10-02T10:07:58","guid":{"rendered":"https:\/\/blogs.correiobraziliense.com.br\/eixocapital\/?p=1997"},"modified":"2022-10-02T07:07:58","modified_gmt":"2022-10-02T10:07:58","slug":"agnelo-queiroz-e-jose-roberto-arruda-terao-nomes-nas-urnas-mas-sem-validade","status":"publish","type":"post","link":"https:\/\/blogs.correiobraziliense.com.br\/eixocapital\/2022\/10\/02\/agnelo-queiroz-e-jose-roberto-arruda-terao-nomes-nas-urnas-mas-sem-validade\/","title":{"rendered":"Agnelo Queiroz e Jos\u00e9 Roberto Arruda ter\u00e3o nomes nas urnas, mas sem validade"},"content":{"rendered":"<p><strong>Coluna Eixo Capital, por Ana Maria Campos<br \/>\n<\/strong><\/p>\n<p>Apesar de estarem fora das elei\u00e7\u00f5es, os ex-governadores <a href=\"https:\/\/www.correiobraziliense.com.br\/cidades-df\/2022\/09\/5040436-tse-mantem-veto-a-candidatura-de-agnelo-pt-a-deputado-federal.html\"><strong>Agnelo Queiroz (PT)<\/strong><\/a> e <a href=\"https:\/\/www.correiobraziliense.com.br\/cidades-df\/2022\/09\/5040426-tse-barra-candidatura-do-ex-governador-arruda-a-deputado-federal.html\"><strong>Jos\u00e9 Roberto Arruda (PL)<\/strong><\/a> estar\u00e3o com o nome e n\u00famero de candidatura nas urnas. Os equipamentos j\u00e1 estavam lacrados quando sa\u00edram as decis\u00f5es do Tribunal Superior Eleitoral (TSE) negando os registros. Mas os votos dados a esses candidatos n\u00e3o ter\u00e3o validade.<\/p>\n<p><strong>Planos adiados<\/strong><br \/>\nAgnelo e Arruda ter\u00e3o quatro anos para se preparar para uma volta. Em 2026, o petista ter\u00e1 68 anos; e Arruda, 72 anos. Com idade para retomar as disputas eleitorais. Mas eles precisar\u00e3o se manter ativos nos debates da cidade. Na pr\u00f3xima elei\u00e7\u00e3o, Arruda estar\u00e1 h\u00e1 16 anos sem mandato. Agnelo contar\u00e1 12 anos. Eles ter\u00e3o tamb\u00e9m de se desfazer dos problemas judiciais.<\/p>\n<p><strong>Recome\u00e7o<\/strong><br \/>\nSe fossem eleitos deputados federais agora, Arruda e Agnelo poderiam se credenciar para a volta a disputas majorit\u00e1rias.<\/p>\n","protected":false},"excerpt":{"rendered":"<p>Os equipamentos j\u00e1 estavam lacrados quando sa\u00edram as decis\u00f5es do TSE negando os registros. Mas os votos dados a esses candidatos n\u00e3o ter\u00e3o validade.<\/p>\n","protected":false},"author":9,"featured_media":1998,"comment_status":"open","ping_status":"open","sticky":false,"template":"","format":"standard","meta":{"footnotes":""},"categories":[247],"tags":[259,29,462],"class_list":["post-1997","post","type-post","status-publish","format-standard","has-post-thumbnail","hentry","category-eixo-capital","tag-agnelo-queiroz","tag-eleicoes-2022","tag-jose-roberto-arruda"],"_links":{"self":[{"href":"https:\/\/blogs.correiobraziliense.com.br\/eixocapital\/wp-json\/wp\/v2\/posts\/1997","targetHints":{"allow":["GET"]}}],"collection":[{"href":"https:\/\/blogs.correiobraziliense.com.br\/eixocapital\/wp-json\/wp\/v2\/posts"}],"about":[{"href":"https:\/\/blogs.correiobraziliense.com.br\/eixocapital\/wp-json\/wp\/v2\/types\/post"}],"author":[{"embeddable":true,"href":"https:\/\/blogs.correiobraziliense.com.br\/eixocapital\/wp-json\/wp\/v2\/users\/9"}],"replies":[{"embeddable":true,"href":"https:\/\/blogs.correiobraziliense.com.br\/eixocapital\/wp-json\/wp\/v2\/comments?post=1997"}],"version-history":[{"count":1,"href":"https:\/\/blogs.correiobraziliense.com.br\/eixocapital\/wp-json\/wp\/v2\/posts\/1997\/revisions"}],"predecessor-version":[{"id":1999,"href":"https:\/\/blogs.correiobraziliense.com.br\/eixocapital\/wp-json\/wp\/v2\/posts\/1997\/revisions\/1999"}],"wp:featuredmedia":[{"embeddable":true,"href":"https:\/\/blogs.correiobraziliense.com.br\/eixocapital\/wp-json\/wp\/v2\/media\/1998"}],"wp:attachment":[{"href":"https:\/\/blogs.correiobraziliense.com.br\/eixocapital\/wp-json\/wp\/v2\/media?parent=1997"}],"wp:term":[{"taxonomy":"category","embeddable":true,"href":"https:\/\/blogs.correiobraziliense.com.br\/eixocapital\/wp-json\/wp\/v2\/categories?post=1997"},{"taxonomy":"post_tag","embeddable":true,"href":"https:\/\/blogs.correiobraziliense.com.br\/eixocapital\/wp-json\/wp\/v2\/tags?post=1997"}],"curies":[{"name":"wp","href":"https:\/\/api.w.org\/{rel}","templated":true}]}}