{"id":1991,"date":"2022-09-30T07:40:20","date_gmt":"2022-09-30T10:40:20","guid":{"rendered":"https:\/\/blogs.correiobraziliense.com.br\/eixocapital\/?p=1991"},"modified":"2022-09-30T07:40:35","modified_gmt":"2022-09-30T10:40:35","slug":"vitoria-no-tse-da-folego-a-paulo-octavio-na-reta-final-da-corrida-ao-gdf","status":"publish","type":"post","link":"https:\/\/blogs.correiobraziliense.com.br\/eixocapital\/2022\/09\/30\/vitoria-no-tse-da-folego-a-paulo-octavio-na-reta-final-da-corrida-ao-gdf\/","title":{"rendered":"Vit\u00f3ria no TSE d\u00e1 f\u00f4lego a Paulo Oct\u00e1vio na reta final da corrida ao GDF"},"content":{"rendered":"<p><strong>Coluna Eixo Capital, por Ana Maria Campos<\/strong><\/p>\n<p>Na campanha de Paulo Oct\u00e1vio (PSD) h\u00e1 uma avalia\u00e7\u00e3o de que os rumores de que sua candidatura n\u00e3o vingaria no Tribunal Superior Eleitoral (TSE) atrapalharam e confundiram os eleitores na reta final. <a href=\"https:\/\/www.correiobraziliense.com.br\/cidades-df\/2022\/09\/5040437-tse-mantem-a-candidatura-de-paulo-octavio-a-governador-do-df.html\"><strong>Agora, a onda \u00e9 mostrar que PO est\u00e1, sim, no p\u00e1reo<\/strong><\/a> e pode chegar ao segundo turno. Faltam dois dias para esse esfor\u00e7o.<\/p>\n<h3><strong>Com a Fl\u00e1via<\/strong><\/h3>\n<p>Na sabatina do <strong>Correio<\/strong> e TV Bras\u00edlia, o presidente <a href=\"https:\/\/www.correiobraziliense.com.br\/politica\/2022\/09\/5035444-temos-um-presidente-e-um-governo-que-acredita-em-deus-diz-bolsonaro.html\"><strong>Jair Bolsonaro ficou em cima do muro<\/strong><\/a> sobre uma prefer\u00eancia por Fl\u00e1via Arruda ou Damares Alves. Mas <a href=\"https:\/\/www.correiobraziliense.com.br\/cidades-df\/2022\/09\/5040523-nao-sou-um-bolsonarista-raiz-afirma-ibaneis-rocha-candidato-a-reeleicao.html\"><strong>o governador Ibaneis Rocha (MDB) foi leal<\/strong><\/a> ao acordo com a candidata do PL. Disse que respeita Damares, mas seu voto ser\u00e1 em Fl\u00e1via Arruda.<\/p>\n<p><strong>Conselho<br \/>\n<\/strong>A primeira-dama do DF, Mayara Noronha, queria participar ontem do culto em que Michelle Bolsonaro pediria votos para Damares. O governador Ibaneis Rocha aconselhou que ela n\u00e3o fosse.<\/p>\n<p><strong>Comemora\u00e7\u00e3o na campanha de Grass<br \/>\n<\/strong>Leandro Grass (PV) comemorou a vit\u00f3ria de Paulo Oct\u00e1vio no TSE. O grupo pol\u00edtico do candidato da federa\u00e7\u00e3o PT-PV-PCdoB acredita que os votos do empres\u00e1rio s\u00e3o fundamentais para que a disputa v\u00e1 para o segundo turno. E o julgamento antes da elei\u00e7\u00e3o foi importante tamb\u00e9m para que uma eventual disputa com Ibaneis n\u00e3o ficasse pendurada no esfor\u00e7o dos advogados de Paulo Oct\u00e1vio.<\/p>\n<p><strong>Voto no primeiro turno<br \/>\n<\/strong>Argumento de advogados que defendem Lula: &#8220;Se for no primeiro turno, fica dif\u00edcil questionar a regularidade do pleito que elegeu todo o Congresso e grande parte dos governadores. E tamb\u00e9m evita a baixaria e a viol\u00eancia que parece j\u00e1 desenhada para um segundo turno&#8221;.<\/p>\n<p><strong>Quem vai fazer mais sucesso<br \/>\n<\/strong>Isso que \u00e9 falta de sintonia. Enquanto o jogador Neymar gravou para as redes defendendo voto 22 em Bolsonaro, sua ex Bruna Marquezine aparece com o L de Lula.<\/p>\n<p><strong>Efeito Cardozo<br \/>\n<\/strong>Na reta final de decis\u00f5es da Justi\u00e7a Eleitoral, o candidato Paulo Oct\u00e1vio (PSD) contratou o ex-ministro da Justi\u00e7a Jos\u00e9 Eduardo Cardozo, que advogou para a ex-presidente Dilma Rousseff no processo de impeachment. Cardozo conseguiu convencer a maioria dos ministros do TSE. Ele tamb\u00e9m conseguiu uma vit\u00f3ria para o ex-deputado Roney Nemer (PP), que est\u00e1 apto a disputar as elei\u00e7\u00f5es, embora esteja em situa\u00e7\u00e3o jur\u00eddica semelhante \u00e0 de Arruda, que teve o registro negado.<\/p>\n<p><strong>Aposta total<br \/>\n<\/strong>H\u00e1 semanas, Jos\u00e9 Roberto Arruda decidiu se concentrar totalmente na campanha de Fl\u00e1via Arruda (PL) ao Senado. <a href=\"https:\/\/www.correiobraziliense.com.br\/cidades-df\/2022\/09\/5040426-tse-barra-candidatura-do-ex-governador-arruda-a-deputado-federal.html\"><strong>Com a decis\u00e3o desfavor\u00e1vel do TSE<\/strong> <\/a>ao registro de sua candidatura, o ex-governador agora aposta tudo na vit\u00f3ria de sua mulher.<\/p>\n<p><strong>Rosilene tamb\u00e9m defende voto \u00fatil<br \/>\n<\/strong>Enquanto se fala em voto \u00fatil da esquerda em Fl\u00e1via Arruda (PL) contra Damares Alves (Republicanos), a candidata Rosilene Corr\u00eaa (PT) tamb\u00e9m faz seu discurso: &#8220;Se todo mundo que for votar no Lula aqui no DF, votar tamb\u00e9m em Rosilene: seremos 33% contra 28% da Fl\u00e1via e 28% da Damares. Isso sim \u00e9 voto \u00fatil!&#8221;.<\/p>\n<p><strong>Mais esfor\u00e7o<br \/>\n<\/strong>O <a href=\"https:\/\/www.correiobraziliense.com.br\/cidades-df\/2022\/09\/5040436-tse-mantem-veto-a-candidatura-de-agnelo-pt-a-deputado-federal.html\"><strong>indeferimento da candidatura de Agnelo Queiroz (PT)<\/strong><\/a> n\u00e3o \u00e9 boa not\u00edcia para a deputada federal \u00c9rika Kokay (PT-DF), que busca a reelei\u00e7\u00e3o. Embora apare\u00e7a bem colocada nas pesquisas de inten\u00e7\u00f5es de votos, a petista vai precisar de mais votos para atingir o coeficiente eleitoral.<\/p>\n<p><strong>Candidato sem recursos do Fundo Eleitoral<br \/>\n<\/strong>Ex-diretor-geral da Pol\u00edcia Civil, o delegado Eric Seba (PSB) est\u00e1 fazendo trabalho de formiguinha na candidatura a deputado distrital pelo PSB, sem recursos do Fundo Eleitoral. S\u00f3 recebeu uma ajuda de R$ 5,8 mil da dire\u00e7\u00e3o distrital do PSB e R$ 7,5 mil de Rafael Parente (PSB), que chegou a concorrer ao governo e renunciou \u00e0 candidatura. Seba aposta no boca a boca e nas redes sociais.<\/p>\n<p><strong>Campanha rodada<br \/>\n<\/strong>Candidato a deputado distrital, Tadeu Filippelli (MDB) chega \u00e0 reta final da campanha com a quilometragem alta. Rodou 8 mil km em 45 dias de campanha, o que d\u00e1 uma m\u00e9dia de 178km por dia. Visitou muitas fam\u00edlias, comerciantes e apoiadores. Agora \u00e9 esperar o resultado das urnas.<\/p>\n<p><strong>A pergunta que n\u00e3o quer calar<br \/>\n<\/strong>Quem vai herdar os eleitores de Jos\u00e9 Roberto Arruda (PL) da candidatura a deputado federal?<\/p>\n","protected":false},"excerpt":{"rendered":"<p>Na campanha de Paulo Oct\u00e1vio (PSD) h\u00e1 uma avalia\u00e7\u00e3o de que os rumores de que sua candidatura n\u00e3o vingaria noTSE atrapalharam e confundiram os eleitores<\/p>\n","protected":false},"author":9,"featured_media":1992,"comment_status":"open","ping_status":"open","sticky":false,"template":"","format":"standard","meta":{"footnotes":""},"categories":[247],"tags":[259,29,107,53,462,160,255,181,207],"class_list":["post-1991","post","type-post","status-publish","format-standard","has-post-thumbnail","hentry","category-eixo-capital","tag-agnelo-queiroz","tag-eleicoes-2022","tag-flavia-arruda","tag-ibaneis-rocha","tag-jose-roberto-arruda","tag-leandro-grass","tag-mayara-noronha","tag-paulo-octavio","tag-tse"],"_links":{"self":[{"href":"https:\/\/blogs.correiobraziliense.com.br\/eixocapital\/wp-json\/wp\/v2\/posts\/1991","targetHints":{"allow":["GET"]}}],"collection":[{"href":"https:\/\/blogs.correiobraziliense.com.br\/eixocapital\/wp-json\/wp\/v2\/posts"}],"about":[{"href":"https:\/\/blogs.correiobraziliense.com.br\/eixocapital\/wp-json\/wp\/v2\/types\/post"}],"author":[{"embeddable":true,"href":"https:\/\/blogs.correiobraziliense.com.br\/eixocapital\/wp-json\/wp\/v2\/users\/9"}],"replies":[{"embeddable":true,"href":"https:\/\/blogs.correiobraziliense.com.br\/eixocapital\/wp-json\/wp\/v2\/comments?post=1991"}],"version-history":[{"count":1,"href":"https:\/\/blogs.correiobraziliense.com.br\/eixocapital\/wp-json\/wp\/v2\/posts\/1991\/revisions"}],"predecessor-version":[{"id":1993,"href":"https:\/\/blogs.correiobraziliense.com.br\/eixocapital\/wp-json\/wp\/v2\/posts\/1991\/revisions\/1993"}],"wp:featuredmedia":[{"embeddable":true,"href":"https:\/\/blogs.correiobraziliense.com.br\/eixocapital\/wp-json\/wp\/v2\/media\/1992"}],"wp:attachment":[{"href":"https:\/\/blogs.correiobraziliense.com.br\/eixocapital\/wp-json\/wp\/v2\/media?parent=1991"}],"wp:term":[{"taxonomy":"category","embeddable":true,"href":"https:\/\/blogs.correiobraziliense.com.br\/eixocapital\/wp-json\/wp\/v2\/categories?post=1991"},{"taxonomy":"post_tag","embeddable":true,"href":"https:\/\/blogs.correiobraziliense.com.br\/eixocapital\/wp-json\/wp\/v2\/tags?post=1991"}],"curies":[{"name":"wp","href":"https:\/\/api.w.org\/{rel}","templated":true}]}}