{"id":1987,"date":"2022-09-29T07:23:18","date_gmt":"2022-09-29T10:23:18","guid":{"rendered":"https:\/\/blogs.correiobraziliense.com.br\/eixocapital\/?p=1987"},"modified":"2022-09-29T07:23:18","modified_gmt":"2022-09-29T10:23:18","slug":"leila-lidera-doacoes-do-fundo-eleitoral-seguida-por-ibaneis","status":"publish","type":"post","link":"https:\/\/blogs.correiobraziliense.com.br\/eixocapital\/2022\/09\/29\/leila-lidera-doacoes-do-fundo-eleitoral-seguida-por-ibaneis\/","title":{"rendered":"Leila lidera doa\u00e7\u00f5es do Fundo Eleitoral, seguida por Ibaneis"},"content":{"rendered":"<p><strong>Coluna Eixo Capita, por Ana Maria Campos<\/strong><\/p>\n<p>At\u00e9 o momento, segundo os dados registrados na Justi\u00e7a Eleitoral, a candidata Leila Barros (PDT) foi a que mais recursos recebeu do Fundo Eleitoral. Foram R$ 7,1 milh\u00f5es repassados pelo PDT. O governador Ibaneis Rocha (MDB) \u00e9 o segundo colocado, com R$ 6,5 milh\u00f5es, sendo R$ 4,25 milh\u00f5es do MDB e R$ 2,25 milh\u00f5es do PP. Izalci Lucas (PSDB) vem na sequ\u00eancia, com R$ 3,64 milh\u00f5es repassados pelo PSDB. O candidato Leandro Grass (PV) recebeu R$ 2,4 milh\u00f5es do PV. No ranking, Coronel Moreno (PTB) \u00e9 o pr\u00f3ximo, com R$ 1 milh\u00e3o do PTB. Paulo Oct\u00e1vio (PSD) est\u00e1 bem atr\u00e1s da primeira colocada em doa\u00e7\u00f5es. Recebeu R$ 750 mil do diret\u00f3rio regional do PSD. J\u00e1 Keka Bagno (PSol) recebeu R$ 528 mil.<\/p>\n<h3>Concord\u00e2ncia<\/h3>\n<p>Quem diria: Paulo Oct\u00e1vio (PSD), de direita, e Keka Bagno (PSol), de esquerda, t\u00eam uma meta em comum: implementar a tarifa zero no transporte p\u00fablico do DF.<\/p>\n<p><strong>Apoio de motoboys e servidores da sa\u00fade<br \/>\n<\/strong>O vice-governador Paco Britto chega na reta final de campanha bem confiante em sua elei\u00e7\u00e3o para a C\u00e2mara Legislativa. Na semana passada, ele recebeu apoio de motoboys, em almo\u00e7o que reuniu centenas desses profissionais. Paco tamb\u00e9m contou com a ades\u00e3o de servidores da sa\u00fade pelo trabalho no Comit\u00ea Todos Contra a Covid. &#8220;\u00c9 um legado que ficar\u00e1 para a popula\u00e7\u00e3o. Mais de 200 leitos, em Ceil\u00e2ndia e Samambaia, sem uso de dinheiro p\u00fablico, funcionando todos os dias. Fico muito feliz pelos servidores da sa\u00fade reconhecerem a import\u00e2ncia desses hospitais acoplados&#8221;, diz.<\/p>\n<p><strong>Fim de campanha com Michelle Bolsonaro<br \/>\n<\/strong>Damares Alves participa, hoje, do \u00faltimo com\u00edcio de sua campanha em Ceil\u00e2ndia Norte. A primeira-dama Michelle Bolsonaro vai passar o dia na cidade com a candidata ao Senado. J\u00e1 no caf\u00e9 da manh\u00e3, as duas participar\u00e3o de um culto com pastores na Sara Nossa Terra de Ceil\u00e2ndia.<\/p>\n<p><strong>Vice de Leila vai de Lula<br \/>\n<\/strong>Vice da candidata Leila do V\u00f4lei (PDT), o advogado Guilherme Campelo (PDT) declarou apoio no primeiro turno ao ex-presidente Lula (PT). Leila diz que vai com Ciro Gomes at\u00e9 o fim.<\/p>\n<p><strong>Aposta no Plano Piloto<br \/>\n<\/strong>Nas elei\u00e7\u00f5es de 2018, dos nove candidatos a uma vaga na C\u00e2mara Legislativa que tiveram mais votos no Plano Piloto, os \u00fanicos que seguem na disputa para distrital s\u00e3o o ex-presidente do DCE da UnB Pedro Ivo, do Uni\u00e3o Brasil, e F\u00e1bio Felix, que busca a reelei\u00e7\u00e3o pelo PSol. Para refor\u00e7ar a campanha, Pedro Ivo procurou apoio de ex-candidatos. Conseguiu o de Igor Tokarski, de J\u00falia Lucy, que \u00e9 candidata a deputada federal pelo mesmo partido, e da coordena\u00e7\u00e3o de campanha e familiares de Henrique Ziller.<\/p>\n<p><strong>Quente, quente<br \/>\n<\/strong>Leandro Grass (PV) conseguiu irritar o governador Ibaneis Rocha (MDB) no debate da Globo, na noite de ter\u00e7a-feira. Se os dois forem para a disputa do segundo turno, a campanha vai pegar fogo.<\/p>\n<p><strong>Aposta em reviravolta<br \/>\n<\/strong>Izalci Lucas (PSDB) aposta numa reviravolta nos n\u00fameros das pesquisas para chegar ao segundo turno contra o governador Ibaneis Rocha. Ele ficou animado com o desempenho no levantamento do Ipec\/Globo desta semana em que aparece em terceiro lugar. \u00c9 que na \u00faltima elei\u00e7\u00e3o, Izalci n\u00e3o aparecia como favorito para se eleger senador e chegou.<\/p>\n","protected":false},"excerpt":{"rendered":"<p>A candidata Leila Barros (PDT) foi a que mais recursos recebeu do Fundo Eleitoral. Foram R$ 7,1 milh\u00f5es repassados pelo PDT<\/p>\n","protected":false},"author":9,"featured_media":1988,"comment_status":"open","ping_status":"open","sticky":false,"template":"","format":"standard","meta":{"footnotes":""},"categories":[247],"tags":[610,503,29,615,53,60,335,160,290,181],"class_list":["post-1987","post","type-post","status-publish","format-standard","has-post-thumbnail","hentry","category-eixo-capital","tag-coronel-moreno","tag-damares-alves","tag-eleicoes-2022","tag-fundo-eleitoral","tag-ibaneis-rocha","tag-izalci-lucas","tag-keka-bagno","tag-leandro-grass","tag-leila-barros","tag-paulo-octavio"],"_links":{"self":[{"href":"https:\/\/blogs.correiobraziliense.com.br\/eixocapital\/wp-json\/wp\/v2\/posts\/1987","targetHints":{"allow":["GET"]}}],"collection":[{"href":"https:\/\/blogs.correiobraziliense.com.br\/eixocapital\/wp-json\/wp\/v2\/posts"}],"about":[{"href":"https:\/\/blogs.correiobraziliense.com.br\/eixocapital\/wp-json\/wp\/v2\/types\/post"}],"author":[{"embeddable":true,"href":"https:\/\/blogs.correiobraziliense.com.br\/eixocapital\/wp-json\/wp\/v2\/users\/9"}],"replies":[{"embeddable":true,"href":"https:\/\/blogs.correiobraziliense.com.br\/eixocapital\/wp-json\/wp\/v2\/comments?post=1987"}],"version-history":[{"count":1,"href":"https:\/\/blogs.correiobraziliense.com.br\/eixocapital\/wp-json\/wp\/v2\/posts\/1987\/revisions"}],"predecessor-version":[{"id":1989,"href":"https:\/\/blogs.correiobraziliense.com.br\/eixocapital\/wp-json\/wp\/v2\/posts\/1987\/revisions\/1989"}],"wp:featuredmedia":[{"embeddable":true,"href":"https:\/\/blogs.correiobraziliense.com.br\/eixocapital\/wp-json\/wp\/v2\/media\/1988"}],"wp:attachment":[{"href":"https:\/\/blogs.correiobraziliense.com.br\/eixocapital\/wp-json\/wp\/v2\/media?parent=1987"}],"wp:term":[{"taxonomy":"category","embeddable":true,"href":"https:\/\/blogs.correiobraziliense.com.br\/eixocapital\/wp-json\/wp\/v2\/categories?post=1987"},{"taxonomy":"post_tag","embeddable":true,"href":"https:\/\/blogs.correiobraziliense.com.br\/eixocapital\/wp-json\/wp\/v2\/tags?post=1987"}],"curies":[{"name":"wp","href":"https:\/\/api.w.org\/{rel}","templated":true}]}}