{"id":1977,"date":"2022-09-27T07:36:56","date_gmt":"2022-09-27T10:36:56","guid":{"rendered":"https:\/\/blogs.correiobraziliense.com.br\/eixocapital\/?p=1977"},"modified":"2022-09-27T08:13:15","modified_gmt":"2022-09-27T11:13:15","slug":"jose-roberto-arruda-lidera-disputa-a-deputado-federal","status":"publish","type":"post","link":"https:\/\/blogs.correiobraziliense.com.br\/eixocapital\/2022\/09\/27\/jose-roberto-arruda-lidera-disputa-a-deputado-federal\/","title":{"rendered":"Jos\u00e9 Roberto Arruda lidera disputa a deputado federal"},"content":{"rendered":"<p><strong>Coluna Eixo Capital, por Ana Maria Campos<\/strong><\/p>\n<p>Jos\u00e9 Roberto Arruda (PL) lidera a consulta espont\u00e2nea da <a href=\"https:\/\/www.correiobraziliense.com.br\/cidades-df\/2022\/09\/5039455-pesquisa-correio-opiniao-aponta-para-segundo-turno-na-corrida-ao-gdf.html\">pesquisa <strong>Correio\/Opini\u00e3o<\/strong><\/a>, divulgada ontem (26\/9). O ex-governador est\u00e1 com 6,4% das inten\u00e7\u00f5es de votos. Em seguida, aparecem Fred Linhares (Republicanos), com 5%; \u00c9rika Kokay (PT), com 4,6%; Rafael Prudente (MDB), com 2,6%; Bia Kicis (PL), com 2,6%; Rodrigo Rollemberg (PSB), com 1,9%; J\u00falio C\u00e9sar (Republicanos), com 1,2%; Fadi Faraj (Uni\u00e3o), com 1,1%; Professor Israel (PSB), com 0,9%; Alberto Fraga (PL), com 0,9%; e Roney Nemer (PP), com 0,9%. Outros pol\u00edticos que apareceram, mas s\u00e3o candidatos a outros cargos: Damares Alves (Republicanos), com 1,9%; Fl\u00e1via Arruda (PL), com 1%; e Chico Vigilante (PT), com 1%. Outros candidatos que pontuaram menos de 0,9% somam 11,7%. Mas muita gente vai deixar a decis\u00e3o para a \u00faltima hora. Na consulta, 46,8% n\u00e3o souberam avaliar e 10,6% v\u00e3o votar em branco ou nulo.<\/p>\n<p>&nbsp;<\/p>\n","protected":false},"excerpt":{"rendered":"<p>Jos\u00e9 Roberto Arruda (PL) lidera a consulta espont\u00e2nea da pesquisa Correio\/Opini\u00e3o, divulgada ontem. O ex-governador est\u00e1 com 6,4% das inten\u00e7\u00f5es de votos<\/p>\n","protected":false},"author":9,"featured_media":1978,"comment_status":"open","ping_status":"open","sticky":false,"template":"","format":"standard","meta":{"footnotes":""},"categories":[247],"tags":[101,601,29,380,626,462],"class_list":["post-1977","post","type-post","status-publish","format-standard","has-post-thumbnail","hentry","category-eixo-capital","tag-camara-dos-deputados","tag-correio-opiniao","tag-eleicoes-2022","tag-erika-kokay","tag-fred-linhares","tag-jose-roberto-arruda"],"_links":{"self":[{"href":"https:\/\/blogs.correiobraziliense.com.br\/eixocapital\/wp-json\/wp\/v2\/posts\/1977","targetHints":{"allow":["GET"]}}],"collection":[{"href":"https:\/\/blogs.correiobraziliense.com.br\/eixocapital\/wp-json\/wp\/v2\/posts"}],"about":[{"href":"https:\/\/blogs.correiobraziliense.com.br\/eixocapital\/wp-json\/wp\/v2\/types\/post"}],"author":[{"embeddable":true,"href":"https:\/\/blogs.correiobraziliense.com.br\/eixocapital\/wp-json\/wp\/v2\/users\/9"}],"replies":[{"embeddable":true,"href":"https:\/\/blogs.correiobraziliense.com.br\/eixocapital\/wp-json\/wp\/v2\/comments?post=1977"}],"version-history":[{"count":2,"href":"https:\/\/blogs.correiobraziliense.com.br\/eixocapital\/wp-json\/wp\/v2\/posts\/1977\/revisions"}],"predecessor-version":[{"id":1985,"href":"https:\/\/blogs.correiobraziliense.com.br\/eixocapital\/wp-json\/wp\/v2\/posts\/1977\/revisions\/1985"}],"wp:featuredmedia":[{"embeddable":true,"href":"https:\/\/blogs.correiobraziliense.com.br\/eixocapital\/wp-json\/wp\/v2\/media\/1978"}],"wp:attachment":[{"href":"https:\/\/blogs.correiobraziliense.com.br\/eixocapital\/wp-json\/wp\/v2\/media?parent=1977"}],"wp:term":[{"taxonomy":"category","embeddable":true,"href":"https:\/\/blogs.correiobraziliense.com.br\/eixocapital\/wp-json\/wp\/v2\/categories?post=1977"},{"taxonomy":"post_tag","embeddable":true,"href":"https:\/\/blogs.correiobraziliense.com.br\/eixocapital\/wp-json\/wp\/v2\/tags?post=1977"}],"curies":[{"name":"wp","href":"https:\/\/api.w.org\/{rel}","templated":true}]}}