{"id":1973,"date":"2022-09-23T07:14:22","date_gmt":"2022-09-23T10:14:22","guid":{"rendered":"https:\/\/blogs.correiobraziliense.com.br\/eixocapital\/?p=1973"},"modified":"2022-09-23T07:14:22","modified_gmt":"2022-09-23T10:14:22","slug":"stj-veta-nome-de-andre-clemente-para-o-tcdf","status":"publish","type":"post","link":"https:\/\/blogs.correiobraziliense.com.br\/eixocapital\/2022\/09\/23\/stj-veta-nome-de-andre-clemente-para-o-tcdf\/","title":{"rendered":"STJ veta nome de Andr\u00e9 Clemente para o TCDF"},"content":{"rendered":"<p><strong>Coluna Eixo Capital, por Luana Patriolino<\/strong><\/p>\n<p>O ex-secret\u00e1rio de Economia do DF Andr\u00e9 Clemente disse \u00e0 coluna que vai esperar para se manifestar sobre a decis\u00e3o da presidente do Superior Tribunal de Justi\u00e7a (STJ), Maria Thereza de Assis Moura, que suspendeu a sua nomea\u00e7\u00e3o para o cargo de conselheiro do Tribunal de Contas do Distrito Federal (TCDF).<\/p>\n<p>&#8220;Embora interessado no processo, n\u00e3o sou parte. O ato atacado foi do governador, h\u00e1 recursos sendo preparados. E, assim sendo, vou aguardar o tr\u00e2nsito dos processos para manifestar-me&#8221;, afirmou.<\/p>\n<p>Ontem, a magistrada reconsiderou uma decis\u00e3o monocr\u00e1tica que autorizava a indica\u00e7\u00e3o, feita pelo governador Ibaneis Rocha quando Clemente estava \u00e0 frente da pasta da Economia. No entanto, a vaga era destinada para um auditor concursado do pr\u00f3prio TCDF.<\/p>\n<p><strong>Categoria envolvida<br \/>\n<\/strong>A decis\u00e3o da presidente do STJ atende a um pedido da Associa\u00e7\u00e3o Nacional dos Ministros e Conselheiros Substitutos dos Tribunais de Contas (Audicon). A entidade argumentou que a vaga deve ser preenchida por um auditor conselheiro-substituto &#8220;escolhido dentre lista tr\u00edplice elaborada pelo Tribunal&#8221;. Ao <strong>Correio<\/strong>, a Procuradoria-Geral do Distrito Federal (PGDF) informou que n\u00e3o vai se manifestar sobre o caso.<\/p>\n<h3>Fake news<\/h3>\n<p>A equipe jur\u00eddica de Leandro Grass (PV), candidato ao Governo do Distrito Federal (GDF), afirmou \u00e0 coluna que vai processar os autores de not\u00edcias falsas que circulam na internet a respeito do pol\u00edtico. Em uma das postagens, h\u00e1 um texto que afirma que o distrital quer transformar a capital em uma produtora de maconha do pa\u00eds. &#8220;Recorre a uma informa\u00e7\u00e3o claramente falsa com a inten\u00e7\u00e3o de incompatibilizar o candidato com um segmento da popula\u00e7\u00e3o. O autor responder\u00e1 por isso na Justi\u00e7a&#8221;, disse a defesa de Grass.<\/p>\n<p><strong>Segundo turno<br \/>\n<\/strong>O \u00faltimo levantamento do Instituto Ipec, divulgado nesta semana, mostrou que Leandro Grass passou de 8% para 13% nas inten\u00e7\u00f5es de voto. O candidato destacou que acredita na possibilidade de disputar um segundo turno em 30 de outubro contra <a href=\"https:\/\/www.correiobraziliense.com.br\/cidades-df\/2022\/09\/5038493-ipec-ibaneis-cai-para-40-e-leandro-grass-assume-segundo-lugar-com-13.html\"><strong>Ibaneis Rocha (MDB) \u2014 que passou de 46% para 40%<\/strong><\/a>. &#8220;N\u00e3o comento pesquisas, discuto as pesquisas com minha equipe de campanha. E \u00e9 por estarmos analisando os dados que temos certeza de que estaremos no segundo turno&#8221;, destacou o distrital.<\/p>\n<p><strong>Remo\u00e7\u00e3o de v\u00eddeos<br \/>\n<\/strong>O Tribunal Regional Eleitoral do Distrito Federal (TRE-DF) determinou que o candidato Leandro Grass remova um v\u00eddeo do seu canal no YouTube em que acusa o governador Ibaneis Rocha de mentiras e corrup\u00e7\u00e3o. A decis\u00e3o \u00e9 do desembargador Diego Barbosa. Ele alegou que a mesma propaganda j\u00e1 havia sido retirada de veicula\u00e7\u00e3o na televis\u00e3o e nas redes sociais.<\/p>\n<p><strong>Lula e Bolsonaro no DF<br \/>\n<\/strong>A pesquisa do Ipec mostrou o presidente Jair Bolsonaro (PL), candidato \u00e0 reelei\u00e7\u00e3o, com 39% das inten\u00e7\u00f5es de voto entre eleitores do DF. Em seguida, aparece o ex-presidente Luiz In\u00e1cio Lula da Silva (PT) \u2014 que cresceu cinco pontos em rela\u00e7\u00e3o ao levantamento anterior e registrou 34%. Foram ouvidas 1.504 mil pessoas entre os dias 18 e 20 de setembro, com margem de erro de tr\u00eas pontos percentuais para mais ou para menos.<\/p>\n<p><strong>Hist\u00f3rias in\u00e9ditas<br \/>\n<\/strong>Um novo livro a respeito da trajet\u00f3ria do ex-governador do DF Joaquim Roriz (1936-2018) traz detalhes in\u00e9ditos da vida do pol\u00edtico. A obra re\u00fane relatos e bastidores sobre a adolesc\u00eancia, rela\u00e7\u00e3o com a fam\u00edlia e o in\u00edcio do relacionamento com Weslian Roriz \u2014 com quem foi casado por quase seis d\u00e9cadas. Sob o t\u00edtulo <em>Joaquim Domingos Roriz, o Segundo Construtor de Bras\u00edlia<\/em>, o trabalho foi escrito por Lu\u00eds Roberto Vieira Costa. O material ser\u00e1 apresentado ao p\u00fablico amanh\u00e3, no Plen\u00e1rio da C\u00e2mara Legislativa do DF, \u00e0s 10h30.<\/p>\n<p><strong>Creches<br \/>\n<\/strong>Em decis\u00e3o hist\u00f3rica, o plen\u00e1rio do Supremo Tribunal Federal (STF) decidiu, ontem, que o <a href=\"https:\/\/www.correiobraziliense.com.br\/euestudante\/educacao-basica\/2022\/09\/5038797-stf-decide-que-garantia-de-vaga-em-creche-e-pre-escola-e-dever-do-estado.html\"><strong>Estado tem o dever constitucional de assegurar o direito \u00e0 creche e pr\u00e9-escola a crian\u00e7as de 0 a 5 anos<\/strong><\/a>. Isso significa que os governos locais n\u00e3o podem negar matr\u00edcula alegando indisponibilidade de vagas. &#8220;A decis\u00e3o reconhece o conte\u00fado jur\u00eddico normativo constitucional do direito \u00e0 creche em car\u00e1ter de norma autoaplic\u00e1vel e de efic\u00e1cia imediata, impondo ao Estado dever de assegurar providenciar recursos or\u00e7ament\u00e1rios escalonados para sua realiza\u00e7\u00e3o no tempo&#8221;, dizem os advogados Guilherme Amorim Campos da Silva e Rubens Naves, amicus curiae da a\u00e7\u00e3o.<\/p>\n<p><strong>Bras\u00edlia-Lisboa<br \/>\n<\/strong>A capital conta com um novo escrit\u00f3rio de advocacia. Bryan de Jongh Martins e Sharlynn de Jongh Martins brindaram a inaugura\u00e7\u00e3o do De Jongh Martins Advogados no Lago Sul, nesta semana. O evento contou com a presen\u00e7a dos ministros aposentados do STF Carlos Ayres Britto e Sep\u00falveda Pertence. O escrit\u00f3rio tem atua\u00e7\u00e3o nas \u00e1reas de Direito Constitucional, Civil e Internacional. A sociedade desempenhar\u00e1 suas atividades no Brasil e na Uni\u00e3o Europeia, com unidades em Bras\u00edlia e em Lisboa. &#8220;O objetivo do novo projeto \u00e9 proporcionar um alto n\u00edvel de trabalho, com qualidade, conhecimento t\u00e9cnico e excel\u00eancia&#8221;, disse Bryan de Jongh Martins.<\/p>\n<p>&nbsp;<\/p>\n","protected":false},"excerpt":{"rendered":"<p>A corte reconsiderou uma decis\u00e3o monocr\u00e1tica que autorizava a indica\u00e7\u00e3o, feita pelo governador. A vaga era destinada para um auditor concursado do TCDF<\/p>\n","protected":false},"author":9,"featured_media":1975,"comment_status":"open","ping_status":"open","sticky":false,"template":"","format":"standard","meta":{"footnotes":""},"categories":[247],"tags":[150,29,599,160,3],"class_list":["post-1973","post","type-post","status-publish","format-standard","has-post-thumbnail","hentry","category-eixo-capital","tag-andre-clemente","tag-eleicoes-2022","tag-joaquim-roriz","tag-leandro-grass","tag-tcdf"],"_links":{"self":[{"href":"https:\/\/blogs.correiobraziliense.com.br\/eixocapital\/wp-json\/wp\/v2\/posts\/1973","targetHints":{"allow":["GET"]}}],"collection":[{"href":"https:\/\/blogs.correiobraziliense.com.br\/eixocapital\/wp-json\/wp\/v2\/posts"}],"about":[{"href":"https:\/\/blogs.correiobraziliense.com.br\/eixocapital\/wp-json\/wp\/v2\/types\/post"}],"author":[{"embeddable":true,"href":"https:\/\/blogs.correiobraziliense.com.br\/eixocapital\/wp-json\/wp\/v2\/users\/9"}],"replies":[{"embeddable":true,"href":"https:\/\/blogs.correiobraziliense.com.br\/eixocapital\/wp-json\/wp\/v2\/comments?post=1973"}],"version-history":[{"count":1,"href":"https:\/\/blogs.correiobraziliense.com.br\/eixocapital\/wp-json\/wp\/v2\/posts\/1973\/revisions"}],"predecessor-version":[{"id":1976,"href":"https:\/\/blogs.correiobraziliense.com.br\/eixocapital\/wp-json\/wp\/v2\/posts\/1973\/revisions\/1976"}],"wp:featuredmedia":[{"embeddable":true,"href":"https:\/\/blogs.correiobraziliense.com.br\/eixocapital\/wp-json\/wp\/v2\/media\/1975"}],"wp:attachment":[{"href":"https:\/\/blogs.correiobraziliense.com.br\/eixocapital\/wp-json\/wp\/v2\/media?parent=1973"}],"wp:term":[{"taxonomy":"category","embeddable":true,"href":"https:\/\/blogs.correiobraziliense.com.br\/eixocapital\/wp-json\/wp\/v2\/categories?post=1973"},{"taxonomy":"post_tag","embeddable":true,"href":"https:\/\/blogs.correiobraziliense.com.br\/eixocapital\/wp-json\/wp\/v2\/tags?post=1973"}],"curies":[{"name":"wp","href":"https:\/\/api.w.org\/{rel}","templated":true}]}}