{"id":1968,"date":"2022-09-21T07:21:51","date_gmt":"2022-09-21T10:21:51","guid":{"rendered":"https:\/\/blogs.correiobraziliense.com.br\/eixocapital\/?p=1968"},"modified":"2022-09-21T07:21:51","modified_gmt":"2022-09-21T10:21:51","slug":"apesar-de-acordo-de-paz-brigas-entre-paula-belmonte-e-izalci-lucas-nao-terminaram","status":"publish","type":"post","link":"https:\/\/blogs.correiobraziliense.com.br\/eixocapital\/2022\/09\/21\/apesar-de-acordo-de-paz-brigas-entre-paula-belmonte-e-izalci-lucas-nao-terminaram\/","title":{"rendered":"Apesar de acordo de paz, brigas entre Paula Belmonte e Izalci Lucas n\u00e3o terminaram"},"content":{"rendered":"<p><strong>Coluna Eixo Capital, por Luana Patriolino<\/strong><\/p>\n<p>Apesar do acordo de paz celebrado entre a deputada federal Paula Belmonte (Cidadania) e o senador Izalci Lucas (PSDB), as <a href=\"https:\/\/blogs.correiobraziliense.com.br\/capital-sa\/2022\/09\/20\/tive-de-assinar-acordo-de-que-nao-levaria-denuncia-de-fraude-a-justica-para-conseguir-vaga-a-distrital-diz-paula-belmonte\/\"><strong>brigas na federa\u00e7\u00e3o PSDB-Cidadania permanecem<\/strong><\/a>. Candidata a distrital, Belmonte e seus aliados afirmam que foram impedidos de aparecer na propaganda eleitoral na tev\u00ea. Em uma postagem nas redes sociais, ela disse que foi exclu\u00edda &#8220;de forma truculenta e antidemocr\u00e1tica&#8221;, mas que, mesmo assim, segue na disputa por uma vaga na C\u00e2mara Legislativa.<\/p>\n<p><strong>Izalci nega<br \/>\n<\/strong>Procurado pela coluna, Izalci Lucas negou as acusa\u00e7\u00f5es e disse que a candidata queria extrapolar o tempo permitido. &#8220;Ela n\u00e3o apareceu no hor\u00e1rio eleitoral, porque queria o tempo de todos os candidatos do Cidadania \u2014 o que a federa\u00e7\u00e3o Cidadania-PSDB n\u00e3o aceitou. Belmonte n\u00e3o mandou nenhum v\u00eddeo para os 9 segundos que tem direito&#8221;, informou o senador por meio de nota.<\/p>\n<h3>Elei\u00e7\u00e3o CNC<\/h3>\n<p>Roberto Tadros, atual presidente da Confedera\u00e7\u00e3o Nacional do Com\u00e9rcio de Bens, Servi\u00e7os e Turismo (CNC), deve ser reconduzido ao cargo novamente. Com chapa \u00fanica, a institui\u00e7\u00e3o realiza a vota\u00e7\u00e3o amanh\u00e3, com a posse programada para 19 de novembro. O Conselho de Representantes, formado pelas federa\u00e7\u00f5es que integram o Sistema Com\u00e9rcio, totaliza 28 votos.<\/p>\n<p><strong>Na Justi\u00e7a<br \/>\n<\/strong>Roberto Tadros chegou a ter afastamento do cargo determinado pela Justi\u00e7a, em julho, por improbidade administrativa. Ele teria supostamente se beneficiado de recursos do Sesc quando comandava a entidade no Amazonas. No entanto, pode continuar na presid\u00eancia ap\u00f3s um recurso. O processo est\u00e1 sob efeito suspensivo em apela\u00e7\u00e3o por decis\u00e3o do Tribunal de Justi\u00e7a do Amazonas (TJAM).<br \/>\n&#8220;A CNC reitera \u00e0 coluna que o processo jur\u00eddico em curso no Amazonas est\u00e1 fundamentado em uma acusa\u00e7\u00e3o equivocada, que est\u00e1 sendo contestada. Como em todo Estado Democr\u00e1tico de Direito, o presidente Jos\u00e9 Roberto Tadros exercer\u00e1 sua ampla defesa e contradit\u00f3rio, com plena confian\u00e7a na Justi\u00e7a e no devido processo legal&#8221;, afirmou a institui\u00e7\u00e3o ao <strong>Correio<\/strong>.<\/p>\n<p><strong>Direito de resposta<br \/>\n<\/strong>O juiz auxiliar do TRE-DF Demetrius Gomes Cavalcanti concedeu <a href=\"https:\/\/www.correiobraziliense.com.br\/cidades-df\/2022\/09\/5038139-tre-da-direito-de-resposta-a-ibaneis-apos-propaganda-de-leandro-grass.html\"><strong>direito de resposta de um minuto ao governador do DF, Ibaneis Rocha (MDB)<\/strong><\/a>. A equipe jur\u00eddica do pol\u00edtico, que tenta a reelei\u00e7\u00e3o, processou o candidato Leandro Grass (PV) devido a uma propaganda em que ele diz: &#8220;o governo \u00e9 corrupto&#8221;. Segundo o magistrado, &#8220;n\u00e3o pode se manter \u00e0 sombra de express\u00f5es gen\u00e9ricas sem explicar o caso concreto de corrup\u00e7\u00e3o&#8221;.<\/p>\n<p><strong>Urnas lacradas<br \/>\n<\/strong>O Tribunal Regional Eleitoral do Distrito Federal (TRE-DF) inicia hoje a lacra\u00e7\u00e3o das urnas eletr\u00f4nicas que ser\u00e3o utilizadas nas elei\u00e7\u00f5es de outubro na capital. Para simbolizar o evento, a Corte realiza uma cerim\u00f4nia com a presen\u00e7a do desembargador Roberval Belinati e do vice-presidente e corregedor, desembargador Mario-Zam Belmiro Rosa, no Centro de Opera\u00e7\u00f5es da Justi\u00e7a Eleitoral.<\/p>\n<p><strong>Setembro Amarelo<br \/>\n<\/strong>A Comiss\u00e3o de Igualdade Racial da Ordem dos Advogados do Brasil do Distrito Federal (OAB-DF) realiza, em 28 de setembro, pr\u00f3xima quarta-feira, uma palestra sobre o Setembro Amarelo \u2014 campanha que alerta sobre a preven\u00e7\u00e3o ao suic\u00eddio. O evento da entidade da capital ser\u00e1 voltado \u00e0 sa\u00fade mental da popula\u00e7\u00e3o negra. &#8220;Reconhecemos o apagamento da subjetividade que o racismo causa aos negros e \u00e0s negras, e suas consequ\u00eancia como fator impeditivo de desenvolvimento social, at\u00e9 como forma de auxiliar nosso coletivo a reconhecer um sentimento implantado de inferioridade. Quantos de n\u00f3s n\u00e3o se sentem pertencentes aos espa\u00e7os que ocupam ou deveriam ocupar?&#8221;, destaca o presidente da comiss\u00e3o, Beethoven Andrade.<\/p>\n<p><strong>Representatividade<br \/>\n<\/strong>Primeira mulher trans a assumir um cargo na dire\u00e7\u00e3o nacional do Cidadania, a arquiteta e urbanista Mari Valentim tamb\u00e9m quer ser pioneira na C\u00e2mara dos Deputados. Candidata a deputada federal, ela \u00e9 uma das apostas da sigla no DF e de movimentos pol\u00edticos como o RenovaBr e o Livres. &#8220;Quero mostrar que representatividade e compet\u00eancia caminham juntas. Ser uma mulher trans me traduz, mas n\u00e3o me reduz. Quero lutar por autonomia para as pessoas atrav\u00e9s de emprego, renda e educa\u00e7\u00e3o de qualidade&#8221;, diz.<\/p>\n<p><strong>Combate ao feminic\u00eddio<br \/>\n<\/strong>Nesta semana, o <strong>Correio<\/strong> mostrou as propostas dos candidatos ao governo para enfrentar a viol\u00eancia no DF, em especial o feminic\u00eddio. Para a candidata ao Senado Rosilene Corr\u00eaa (PT), o foco da campanha deste ano \u00e9 a seguran\u00e7a p\u00fablica. &#8220;As elei\u00e7\u00f5es poder\u00e3o fazer a diferen\u00e7a entre a vida e a morte. Enquanto o Brasil assiste a tr\u00eas feminic\u00eddios por dia, o presidente Bolsonaro, candidato de Damares Alves e Fl\u00e1via Arruda, reduziu as verbas de combate \u00e0 viol\u00eancia contra a mulher. Reverter esse quadro ser\u00e1 uma das minhas prioridades no Senado&#8221;, diz.<\/p>\n<p><strong>Livro sobre Roriz<br \/>\n<\/strong>A fam\u00edlia do ex-governador do DF Joaquim Roriz (1936-2018) vai lan\u00e7ar um livro sobre a trajet\u00f3ria do pol\u00edtico na capital. Sob o t\u00edtulo <em>Joaquim Domingos Roriz, o Segundo Construtor de Bras\u00edlia<\/em>, a obra foi escrita por Lu\u00eds Roberto Vieira Costa. O material ser\u00e1 apresentado ao p\u00fablico no pr\u00f3ximo s\u00e1bado, no Plen\u00e1rio da C\u00e2mara Legislativa do DF, \u00e0s 10h30.<\/p>\n","protected":false},"excerpt":{"rendered":"<p> Candidata a distrital, Paula Belmonte e seus aliados afirmam que foram impedidos de aparecer na propaganda eleitoral na tev\u00ea.<\/p>\n","protected":false},"author":9,"featured_media":1721,"comment_status":"open","ping_status":"open","sticky":false,"template":"","format":"standard","meta":{"footnotes":""},"categories":[247],"tags":[623,29,53,60,160,65,139,624],"class_list":["post-1968","post","type-post","status-publish","format-standard","has-post-thumbnail","hentry","category-eixo-capital","tag-cnc","tag-eleicoes-2022","tag-ibaneis-rocha","tag-izalci-lucas","tag-leandro-grass","tag-oab","tag-paula-belmonte","tag-setembro-amarelo"],"_links":{"self":[{"href":"https:\/\/blogs.correiobraziliense.com.br\/eixocapital\/wp-json\/wp\/v2\/posts\/1968","targetHints":{"allow":["GET"]}}],"collection":[{"href":"https:\/\/blogs.correiobraziliense.com.br\/eixocapital\/wp-json\/wp\/v2\/posts"}],"about":[{"href":"https:\/\/blogs.correiobraziliense.com.br\/eixocapital\/wp-json\/wp\/v2\/types\/post"}],"author":[{"embeddable":true,"href":"https:\/\/blogs.correiobraziliense.com.br\/eixocapital\/wp-json\/wp\/v2\/users\/9"}],"replies":[{"embeddable":true,"href":"https:\/\/blogs.correiobraziliense.com.br\/eixocapital\/wp-json\/wp\/v2\/comments?post=1968"}],"version-history":[{"count":1,"href":"https:\/\/blogs.correiobraziliense.com.br\/eixocapital\/wp-json\/wp\/v2\/posts\/1968\/revisions"}],"predecessor-version":[{"id":1969,"href":"https:\/\/blogs.correiobraziliense.com.br\/eixocapital\/wp-json\/wp\/v2\/posts\/1968\/revisions\/1969"}],"wp:featuredmedia":[{"embeddable":true,"href":"https:\/\/blogs.correiobraziliense.com.br\/eixocapital\/wp-json\/wp\/v2\/media\/1721"}],"wp:attachment":[{"href":"https:\/\/blogs.correiobraziliense.com.br\/eixocapital\/wp-json\/wp\/v2\/media?parent=1968"}],"wp:term":[{"taxonomy":"category","embeddable":true,"href":"https:\/\/blogs.correiobraziliense.com.br\/eixocapital\/wp-json\/wp\/v2\/categories?post=1968"},{"taxonomy":"post_tag","embeddable":true,"href":"https:\/\/blogs.correiobraziliense.com.br\/eixocapital\/wp-json\/wp\/v2\/tags?post=1968"}],"curies":[{"name":"wp","href":"https:\/\/api.w.org\/{rel}","templated":true}]}}